{"id":1060,"date":"2015-03-05T07:32:29","date_gmt":"2015-03-05T06:32:29","guid":{"rendered":"http:\/\/www.hfhrpol.waw.pl\/tybet\/?p=1060"},"modified":"2018-03-12T13:05:07","modified_gmt":"2018-03-12T12:05:07","slug":"tybetanczycy-pala-futra-w-deczenie","status":"publish","type":"post","link":"https:\/\/tybet.hfhr.org.pl\/?p=1060","title":{"rendered":"Tybeta\u0144czycy pal\u0105 futra w Deczenie"},"content":{"rendered":"<p>Tybeta\u0144scy ch\u0142opi z prefektury Deczen (chi\u0144. Deqin) w prowincji Yunnan powitali Nowy Rok kalendarza ksi\u0119\u017cycowego spaleniem posiadanych futer dzikich zwierz\u0105t i \u015blubowaniem, \u017ce nigdy nie b\u0119d\u0105 ich nosi\u0107.<\/p>\n<p><a href=\"http:\/\/www.hfhrpol.waw.pl\/tybet\/wp-content\/uploads\/2015\/03\/PalenieFuter-Deczen-27Lutego2015.jpg\"><img loading=\"lazy\" decoding=\"async\" class=\"alignnone size-medium wp-image-1061\" src=\"http:\/\/www.hfhrpol.waw.pl\/tybet\/wp-content\/uploads\/2015\/03\/PalenieFuter-Deczen-27Lutego2015-300x155.jpg\" alt=\"PalenieFuter-Deczen-27Lutego2015\" width=\"300\" height=\"155\" srcset=\"https:\/\/tybet.hfhr.org.pl\/wp-content\/uploads\/2015\/03\/PalenieFuter-Deczen-27Lutego2015-300x155.jpg 300w, https:\/\/tybet.hfhr.org.pl\/wp-content\/uploads\/2015\/03\/PalenieFuter-Deczen-27Lutego2015.jpg 628w\" sizes=\"auto, (max-width: 300px) 100vw, 300px\" \/><\/a><\/p>\n<p><!--more--><\/p>\n<p>Wed\u0142ug \u017ar\u00f3d\u0142a Radia Wolna Azja (<a href=\"http:\/\/www.rfa.org\" target=\"_blank\" rel=\"noopener\">RFA<\/a>) chcieli w ten spos\u00f3b wype\u0142ni\u0107 <a href=\"http:\/\/www.hfhrpol.waw.pl\/Tybet\/raport.php?raport_id=402\" target=\"_blank\" rel=\"noopener\">\u017cyczenie<\/a> Jego \u015awi\u0105tobliwo\u015bci Dalajlamy i lokalnych nauczycieli buddyjskich. Palono mi\u0119dzy innymi cenne lisie czapy i kurtki obszyte futrem wydr. Zdj\u0119cia opublikowano w sieci, \u201echo\u0107 ludzie zdawali sobie spraw\u0119, \u017ce mog\u0105 mie\u0107 przez to k\u0142opoty\u201d.<\/p>\n<p>Deczen jest od lat <a href=\"http:\/\/www.hfhrpol.waw.pl\/Tybet\/raport.php?raport_id=849\" target=\"_blank\" rel=\"noopener\">najspokojniejszym<\/a> rejonem Tybetu. Nawet w 2008 roku nie dosz\u0142o tam do powa\u017cniejszych <a href=\"http:\/\/tybet.hfhr.org.pl\/?p=6039\" target=\"_blank\" rel=\"noopener\">protest\u00f3w<\/a>. W\u0142adze chi\u0144skie, obsesyjnie walcz\u0105ce z wp\u0142ywami Dalajlamy, pr\u00f3buj\u0105 <a href=\"http:\/\/www.hfhrpol.waw.pl\/tybet\/?p=727\" target=\"_blank\" rel=\"noopener\">propagowa\u0107<\/a> noszenie futer w Tybecie, cho\u0107 w \u015bwietle prawa jest to przest\u0119pstwem.<\/p>\n","protected":false},"excerpt":{"rendered":"<p>Tybeta\u0144scy ch\u0142opi z prefektury Deczen (chi\u0144. Deqin) w prowincji Yunnan powitali Nowy Rok kalendarza ksi\u0119\u017cycowego spaleniem posiadanych futer dzikich zwierz\u0105t i \u015blubowaniem, \u017ce nigdy nie b\u0119d\u0105 ich nosi\u0107.<\/p>\n","protected":false},"author":1,"featured_media":0,"comment_status":"closed","ping_status":"closed","sticky":false,"template":"","format":"standard","meta":{"footnotes":""},"categories":[2,17],"tags":[49,20,34],"class_list":["post-1060","post","type-post","status-publish","format-standard","hentry","category-aktualnosci","category-hfpc","tag-dalajlama","tag-protesty-spoleczne","tag-srodowisko"],"_links":{"self":[{"href":"https:\/\/tybet.hfhr.org.pl\/index.php?rest_route=\/wp\/v2\/posts\/1060","targetHints":{"allow":["GET"]}}],"collection":[{"href":"https:\/\/tybet.hfhr.org.pl\/index.php?rest_route=\/wp\/v2\/posts"}],"about":[{"href":"https:\/\/tybet.hfhr.org.pl\/index.php?rest_route=\/wp\/v2\/types\/post"}],"author":[{"embeddable":true,"href":"https:\/\/tybet.hfhr.org.pl\/index.php?rest_route=\/wp\/v2\/users\/1"}],"replies":[{"embeddable":true,"href":"https:\/\/tybet.hfhr.org.pl\/index.php?rest_route=%2Fwp%2Fv2%2Fcomments&post=1060"}],"version-history":[{"count":5,"href":"https:\/\/tybet.hfhr.org.pl\/index.php?rest_route=\/wp\/v2\/posts\/1060\/revisions"}],"predecessor-version":[{"id":6089,"href":"https:\/\/tybet.hfhr.org.pl\/index.php?rest_route=\/wp\/v2\/posts\/1060\/revisions\/6089"}],"wp:attachment":[{"href":"https:\/\/tybet.hfhr.org.pl\/index.php?rest_route=%2Fwp%2Fv2%2Fmedia&parent=1060"}],"wp:term":[{"taxonomy":"category","embeddable":true,"href":"https:\/\/tybet.hfhr.org.pl\/index.php?rest_route=%2Fwp%2Fv2%2Fcategories&post=1060"},{"taxonomy":"post_tag","embeddable":true,"href":"https:\/\/tybet.hfhr.org.pl\/index.php?rest_route=%2Fwp%2Fv2%2Ftags&post=1060"}],"curies":[{"name":"wp","href":"https:\/\/api.w.org\/{rel}","templated":true}]}}