{"id":10690,"date":"2020-12-03T06:29:40","date_gmt":"2020-12-03T05:29:40","guid":{"rendered":"https:\/\/tybet.hfhr.org.pl\/?p=10690"},"modified":"2020-11-30T12:59:27","modified_gmt":"2020-11-30T11:59:27","slug":"ponadroczne-zatrzymanie-mnicha-bonu-z-ngaby","status":"publish","type":"post","link":"https:\/\/tybet.hfhr.org.pl\/?p=10690","title":{"rendered":"Ponadroczne zatrzymanie mnicha bonu z Ngaby"},"content":{"rendered":"\n<p>Rinczen Cultrim, dwudziestodziewi\u0119cioletni mnich bonu z Ngaby (chi\u0144. Aba) w Sichuanie, od ponad roku przebywa w areszcie \u015bledczym.<\/p>\n<p><a href=\"https:\/\/tybet.hfhr.org.pl\/wp-content\/uploads\/2020\/11\/RinczenCultrim-Ngaba-MnichBonu-Zatrzymany1Sierpnia2019-ZarzutZdrada.jpg\"><img loading=\"lazy\" decoding=\"async\" class=\"alignnone size-medium wp-image-10691\" src=\"https:\/\/tybet.hfhr.org.pl\/wp-content\/uploads\/2020\/11\/RinczenCultrim-Ngaba-MnichBonu-Zatrzymany1Sierpnia2019-ZarzutZdrada-300x225.jpg\" alt=\"\" width=\"300\" height=\"225\" srcset=\"https:\/\/tybet.hfhr.org.pl\/wp-content\/uploads\/2020\/11\/RinczenCultrim-Ngaba-MnichBonu-Zatrzymany1Sierpnia2019-ZarzutZdrada-300x225.jpg 300w, https:\/\/tybet.hfhr.org.pl\/wp-content\/uploads\/2020\/11\/RinczenCultrim-Ngaba-MnichBonu-Zatrzymany1Sierpnia2019-ZarzutZdrada-768x576.jpg 768w, https:\/\/tybet.hfhr.org.pl\/wp-content\/uploads\/2020\/11\/RinczenCultrim-Ngaba-MnichBonu-Zatrzymany1Sierpnia2019-ZarzutZdrada.jpg 900w\" sizes=\"auto, (max-width: 300px) 100vw, 300px\" \/><\/a><\/p>\n<p><!--more--><\/p>\n<p>Wed\u0142ug lokalnych \u017ar\u00f3de\u0142 Rinczen zosta\u0142 zatrzymany 1 sierpnia 2019 roku razem z dwom innymi mnichami, kt\u00f3rych kilka dni p\u00f3\u017aniej zwolniono. Po o\u015bmiu miesi\u0105cach, 23 marca 2020 roku, krewni uwi\u0119zionego otrzymali oficjalne powiadomienie, z kt\u00f3rego wynika, \u017ce zarzuca si\u0119 mu \u201eseparatyzm\u201d. Do tej pory nie zdo\u0142ali ustali\u0107, gdzie jest przetrzymywany \u2013 s\u0105 za to \u201en\u0119kani przez w\u0142adze\u201d.<\/p>\n<p>Rinczen \u2013 kt\u00f3rego siostra mieszka w Indiach i by\u0142a publicznie pi\u0119tnowana za \u201ewrog\u0105\u201d dzia\u0142alno\u015b\u0107 na emigracji \u2013 mia\u0142 by\u0107 zatrzymywany ju\u017c dwukrotnie za utrzymywanie kontakt\u00f3w z diaspor\u0105 i kolportowanie \u201ezagranicznych publikacji\u201d.<\/p>\n","protected":false},"excerpt":{"rendered":"<p>Rinczen Cultrim, dwudziestodziewi\u0119cioletni mnich bonu z Ngaby (chi\u0144. Aba) w Sichuanie, od ponad roku przebywa w areszcie \u015bledczym.<\/p>\n","protected":false},"author":1,"featured_media":0,"comment_status":"closed","ping_status":"closed","sticky":false,"template":"","format":"standard","meta":{"footnotes":""},"categories":[2,17],"tags":[24,21],"class_list":["post-10690","post","type-post","status-publish","format-standard","hentry","category-aktualnosci","category-hfpc","tag-diaspora","tag-zatrzymania"],"_links":{"self":[{"href":"https:\/\/tybet.hfhr.org.pl\/index.php?rest_route=\/wp\/v2\/posts\/10690","targetHints":{"allow":["GET"]}}],"collection":[{"href":"https:\/\/tybet.hfhr.org.pl\/index.php?rest_route=\/wp\/v2\/posts"}],"about":[{"href":"https:\/\/tybet.hfhr.org.pl\/index.php?rest_route=\/wp\/v2\/types\/post"}],"author":[{"embeddable":true,"href":"https:\/\/tybet.hfhr.org.pl\/index.php?rest_route=\/wp\/v2\/users\/1"}],"replies":[{"embeddable":true,"href":"https:\/\/tybet.hfhr.org.pl\/index.php?rest_route=%2Fwp%2Fv2%2Fcomments&post=10690"}],"version-history":[{"count":3,"href":"https:\/\/tybet.hfhr.org.pl\/index.php?rest_route=\/wp\/v2\/posts\/10690\/revisions"}],"predecessor-version":[{"id":10698,"href":"https:\/\/tybet.hfhr.org.pl\/index.php?rest_route=\/wp\/v2\/posts\/10690\/revisions\/10698"}],"wp:attachment":[{"href":"https:\/\/tybet.hfhr.org.pl\/index.php?rest_route=%2Fwp%2Fv2%2Fmedia&parent=10690"}],"wp:term":[{"taxonomy":"category","embeddable":true,"href":"https:\/\/tybet.hfhr.org.pl\/index.php?rest_route=%2Fwp%2Fv2%2Fcategories&post=10690"},{"taxonomy":"post_tag","embeddable":true,"href":"https:\/\/tybet.hfhr.org.pl\/index.php?rest_route=%2Fwp%2Fv2%2Ftags&post=10690"}],"curies":[{"name":"wp","href":"https:\/\/api.w.org\/{rel}","templated":true}]}}