{"id":11507,"date":"2021-07-29T06:29:09","date_gmt":"2021-07-29T04:29:09","guid":{"rendered":"https:\/\/tybet.hfhr.org.pl\/?p=11507"},"modified":"2021-07-21T08:33:10","modified_gmt":"2021-07-21T06:33:10","slug":"zlagodzenie-kary-cultrima-gjaco-z-labrangu","status":"publish","type":"post","link":"https:\/\/tybet.hfhr.org.pl\/?p=11507","title":{"rendered":"Z\u0142agodzenie kary Cultrima Gjaco z Labrangu"},"content":{"rendered":"\n<p>Wed\u0142ug niezale\u017cnych \u017ar\u00f3de\u0142 w kwietniu zesz\u0142ego roku w\u0142adze chi\u0144skie po raz drugi z\u0142agodzi\u0142y kar\u0119 Cultrima Gjaco, mnicha skazanego na do\u017cywocie za udzia\u0142 w pokojowym prote\u015bcie w Labrangu (chi\u0144. Xiahe), w prowincji Gansu.<\/p>\n<p><a href=\"https:\/\/tybet.hfhr.org.pl\/wp-content\/uploads\/2021\/07\/CultrimGjaco-MnichLabrangu-Zatrzymany22maja2008-Skazany21maja2009-Dozywocie-Rozprawa-DziennikTelewizyjny.jpg\"><img loading=\"lazy\" decoding=\"async\" class=\"alignnone size-medium wp-image-11508\" src=\"https:\/\/tybet.hfhr.org.pl\/wp-content\/uploads\/2021\/07\/CultrimGjaco-MnichLabrangu-Zatrzymany22maja2008-Skazany21maja2009-Dozywocie-Rozprawa-DziennikTelewizyjny-300x169.jpg\" alt=\"\" width=\"300\" height=\"169\" srcset=\"https:\/\/tybet.hfhr.org.pl\/wp-content\/uploads\/2021\/07\/CultrimGjaco-MnichLabrangu-Zatrzymany22maja2008-Skazany21maja2009-Dozywocie-Rozprawa-DziennikTelewizyjny-300x169.jpg 300w, https:\/\/tybet.hfhr.org.pl\/wp-content\/uploads\/2021\/07\/CultrimGjaco-MnichLabrangu-Zatrzymany22maja2008-Skazany21maja2009-Dozywocie-Rozprawa-DziennikTelewizyjny-768x432.jpg 768w, https:\/\/tybet.hfhr.org.pl\/wp-content\/uploads\/2021\/07\/CultrimGjaco-MnichLabrangu-Zatrzymany22maja2008-Skazany21maja2009-Dozywocie-Rozprawa-DziennikTelewizyjny.jpg 1024w\" sizes=\"auto, (max-width: 300px) 100vw, 300px\" \/><\/a><\/p>\n<p><!--more--><\/p>\n<p>Czterdziestodziewi\u0119cioletni Cultrim Gjaco, mnich klasztoru Labrang, zosta\u0142 zatrzymany tydzie\u0144 po <a href=\"http:\/\/old.tybet.hfhr.org.pl\/raport.php?raport_id=610\" target=\"_blank\" rel=\"noopener noreferrer\">demonstracji<\/a>, 22 maja 2008 roku. Rok p\u00f3\u017aniej po\u015bredni s\u0105d ludowy prefektury Kanlho (chi\u0144. Gannan) wymierzy\u0142 mu kar\u0119 <a href=\"http:\/\/old.tybet.hfhr.org.pl\/raport.php?raport_id=932\" target=\"_blank\" rel=\"noopener noreferrer\">do\u017cywotniego wi\u0119zienia<\/a> za \u201ezagra\u017canie bezpiecze\u0144stwu pa\u0144stwa\u201d.<\/p>\n<p>W 2014 roku wyrok z\u0142agodzono do 19 lat pozbawienia wolno\u015bci (i utrat\u0119 \u201epraw politycznych\u201d na kolejnych siedem). Wed\u0142ug chi\u0144skiej <a href=\"https:\/\/wqw2010.blogspot.com\/2021\/07\/blog-post_61.html\" target=\"_blank\" rel=\"noopener noreferrer\">Sieci Obro\u0144c\u00f3w Praw Cz\u0142owieka<\/a> w kwietniu 2020 roku s\u0105d w Tianshui obni\u017cy\u0142 t\u0119 kar\u0119 o sze\u015b\u0107 miesi\u0119cy, stwierdzaj\u0105c, \u017ce osadzony \u201eprzyznaje si\u0119 do winy, okazuje skruch\u0119, skrupulatnie przestrzega wi\u0119ziennego regulaminu, wykonuje polecenia i poprawia swoje post\u0119powanie\u201d.<\/p>\n<p>Cultrim Gjaco powinien powinien opu\u015bci\u0107 wi\u0119zienie w listopadzie 2026 roku.<\/p>\n","protected":false},"excerpt":{"rendered":"<p>Wed\u0142ug niezale\u017cnych \u017ar\u00f3de\u0142 w kwietniu zesz\u0142ego roku w\u0142adze chi\u0144skie po raz drugi z\u0142agodzi\u0142y kar\u0119 Cultrima Gjaco, mnicha skazanego na do\u017cywocie za udzia\u0142 w pokojowym prote\u015bcie w Labrangu (chi\u0144. Xiahe), w prowincji Gansu.<\/p>\n","protected":false},"author":1,"featured_media":0,"comment_status":"closed","ping_status":"closed","sticky":false,"template":"","format":"standard","meta":{"footnotes":""},"categories":[2,17],"tags":[19,22],"class_list":["post-11507","post","type-post","status-publish","format-standard","hentry","category-aktualnosci","category-hfpc","tag-protesty-polityczne","tag-wyroki"],"_links":{"self":[{"href":"https:\/\/tybet.hfhr.org.pl\/index.php?rest_route=\/wp\/v2\/posts\/11507","targetHints":{"allow":["GET"]}}],"collection":[{"href":"https:\/\/tybet.hfhr.org.pl\/index.php?rest_route=\/wp\/v2\/posts"}],"about":[{"href":"https:\/\/tybet.hfhr.org.pl\/index.php?rest_route=\/wp\/v2\/types\/post"}],"author":[{"embeddable":true,"href":"https:\/\/tybet.hfhr.org.pl\/index.php?rest_route=\/wp\/v2\/users\/1"}],"replies":[{"embeddable":true,"href":"https:\/\/tybet.hfhr.org.pl\/index.php?rest_route=%2Fwp%2Fv2%2Fcomments&post=11507"}],"version-history":[{"count":3,"href":"https:\/\/tybet.hfhr.org.pl\/index.php?rest_route=\/wp\/v2\/posts\/11507\/revisions"}],"predecessor-version":[{"id":11511,"href":"https:\/\/tybet.hfhr.org.pl\/index.php?rest_route=\/wp\/v2\/posts\/11507\/revisions\/11511"}],"wp:attachment":[{"href":"https:\/\/tybet.hfhr.org.pl\/index.php?rest_route=%2Fwp%2Fv2%2Fmedia&parent=11507"}],"wp:term":[{"taxonomy":"category","embeddable":true,"href":"https:\/\/tybet.hfhr.org.pl\/index.php?rest_route=%2Fwp%2Fv2%2Fcategories&post=11507"},{"taxonomy":"post_tag","embeddable":true,"href":"https:\/\/tybet.hfhr.org.pl\/index.php?rest_route=%2Fwp%2Fv2%2Ftags&post=11507"}],"curies":[{"name":"wp","href":"https:\/\/api.w.org\/{rel}","templated":true}]}}