{"id":1165,"date":"2015-03-27T06:58:46","date_gmt":"2015-03-27T05:58:46","guid":{"rendered":"http:\/\/www.hfhrpol.waw.pl\/tybet\/?p=1165"},"modified":"2015-03-27T06:58:46","modified_gmt":"2015-03-27T05:58:46","slug":"przedterminowe-zwolnienie-policyjne-szykany-w-maczenie","status":"publish","type":"post","link":"https:\/\/tybet.hfhr.org.pl\/?p=1165","title":{"rendered":"Przedterminowe zwolnienie, policyjne szykany w Maczenie"},"content":{"rendered":"<p>Palden Gjaco, <em>geko<\/em>, \u201emistrz dyscypliny\u201d klasztoru Ragja w okr\u0119gu Maczen (chi\u0144. Maqin) prefektury Golog (chi\u0144. Guoluo), w prowincji Qinghai, zosta\u0142 21 marca przedterminowo zwolniony z wi\u0119zienia.<\/p>\n<p><a href=\"http:\/\/www.hfhrpol.waw.pl\/tybet\/wp-content\/uploads\/2015\/03\/PaldenGjaco-MaczenRagja-7LatWiezienia2009-ZwolnienieMarzec2015.jpg\"><img loading=\"lazy\" decoding=\"async\" class=\"alignnone size-medium wp-image-1166\" src=\"http:\/\/www.hfhrpol.waw.pl\/tybet\/wp-content\/uploads\/2015\/03\/PaldenGjaco-MaczenRagja-7LatWiezienia2009-ZwolnienieMarzec2015-300x217.jpg\" alt=\"PaldenGjaco-MaczenRagja-7LatWiezienia2009-ZwolnienieMarzec2015\" width=\"300\" height=\"217\" srcset=\"https:\/\/tybet.hfhr.org.pl\/wp-content\/uploads\/2015\/03\/PaldenGjaco-MaczenRagja-7LatWiezienia2009-ZwolnienieMarzec2015-300x217.jpg 300w, https:\/\/tybet.hfhr.org.pl\/wp-content\/uploads\/2015\/03\/PaldenGjaco-MaczenRagja-7LatWiezienia2009-ZwolnienieMarzec2015.jpg 622w\" sizes=\"auto, (max-width: 300px) 100vw, 300px\" \/><\/a><\/p>\n<p><!--more--><\/p>\n<p>W\u0142adze najpierw surowo zakaza\u0142y organizowania uroczysto\u015bci powitalnych, potem jednak postanowi\u0142y przymkn\u0105\u0107 na nie oko pod warunkiem, \u017ce b\u0119d\u0105 si\u0119 odbywa\u0142y wy\u0142\u0105cznie na terenie klasztoru. Policja obstawi\u0142a teren \u015bwi\u0105tyni, zabraniaj\u0105c zebranym robienia zdj\u0119\u0107. Krewnym i przyjacio\u0142om zwolnionego odebrano telefony kom\u00f3rkowe, funkcjonariusze spisywali te\u017c numery telefon\u00f3w gapi\u00f3w.<\/p>\n<p>Palden Gjaco zosta\u0142 zatrzymany w marcu 2009 roku w zwi\u0105zku z <a href=\"http:\/\/www.hfhrpol.waw.pl\/Tybet\/raport.php?raport_id=896\" target=\"_blank\">wielkim protestem po samob\u00f3jstwie mnicha<\/a>, kt\u00f3rego podejrzewano o rozrzucenie niepodleg\u0142o\u015bciowych ulotek i zawieszeniem zakazanej tybeta\u0144skiej flagi na dachu \u015bwi\u0105tyni. Pi\u0119\u0107 miesi\u0119cy p\u00f3\u017aniej <a href=\"http:\/\/www.hfhrpol.waw.pl\/Tybet\/raport.php?raport_id=987\" target=\"_blank\">skazano<\/a> go na siedem lat wi\u0119zienia. Nie wiadomo, dlaczego zosta\u0142 zwolniony rok wcze\u015bniej.<\/p>\n","protected":false},"excerpt":{"rendered":"<p>Palden Gjaco, geko, \u201emistrz dyscypliny\u201d klasztoru Ragja w okr\u0119gu Maczen (chi\u0144. Maqin) prefektury Golog (chi\u0144. Guoluo), w prowincji Qinghai, zosta\u0142 21 marca przedterminowo zwolniony z wi\u0119zienia.<\/p>\n","protected":false},"author":1,"featured_media":0,"comment_status":"closed","ping_status":"closed","sticky":false,"template":"","format":"standard","meta":{"footnotes":""},"categories":[2,17],"tags":[19,22],"class_list":["post-1165","post","type-post","status-publish","format-standard","hentry","category-aktualnosci","category-hfpc","tag-protesty-polityczne","tag-wyroki"],"_links":{"self":[{"href":"https:\/\/tybet.hfhr.org.pl\/index.php?rest_route=\/wp\/v2\/posts\/1165","targetHints":{"allow":["GET"]}}],"collection":[{"href":"https:\/\/tybet.hfhr.org.pl\/index.php?rest_route=\/wp\/v2\/posts"}],"about":[{"href":"https:\/\/tybet.hfhr.org.pl\/index.php?rest_route=\/wp\/v2\/types\/post"}],"author":[{"embeddable":true,"href":"https:\/\/tybet.hfhr.org.pl\/index.php?rest_route=\/wp\/v2\/users\/1"}],"replies":[{"embeddable":true,"href":"https:\/\/tybet.hfhr.org.pl\/index.php?rest_route=%2Fwp%2Fv2%2Fcomments&post=1165"}],"version-history":[{"count":1,"href":"https:\/\/tybet.hfhr.org.pl\/index.php?rest_route=\/wp\/v2\/posts\/1165\/revisions"}],"predecessor-version":[{"id":1167,"href":"https:\/\/tybet.hfhr.org.pl\/index.php?rest_route=\/wp\/v2\/posts\/1165\/revisions\/1167"}],"wp:attachment":[{"href":"https:\/\/tybet.hfhr.org.pl\/index.php?rest_route=%2Fwp%2Fv2%2Fmedia&parent=1165"}],"wp:term":[{"taxonomy":"category","embeddable":true,"href":"https:\/\/tybet.hfhr.org.pl\/index.php?rest_route=%2Fwp%2Fv2%2Fcategories&post=1165"},{"taxonomy":"post_tag","embeddable":true,"href":"https:\/\/tybet.hfhr.org.pl\/index.php?rest_route=%2Fwp%2Fv2%2Ftags&post=1165"}],"curies":[{"name":"wp","href":"https:\/\/api.w.org\/{rel}","templated":true}]}}