{"id":11695,"date":"2021-09-06T06:29:37","date_gmt":"2021-09-06T04:29:37","guid":{"rendered":"https:\/\/tybet.hfhr.org.pl\/?p=11695"},"modified":"2021-08-29T08:00:04","modified_gmt":"2021-08-29T06:00:04","slug":"zatrzymanie-dwoch-nastolatkow-za-krytykowanie-reformy-programu-nauczania-w-darlagu","status":"publish","type":"post","link":"https:\/\/tybet.hfhr.org.pl\/?p=11695","title":{"rendered":"Zatrzymanie dw\u00f3ch nastolatk\u00f3w za krytykowanie \u201ereformy\u201d programu nauczania w Darlagu"},"content":{"rendered":"\n<p>Wed\u0142ug tybeta\u0144skich \u017ar\u00f3de\u0142 w Darlagu (chi\u0144. Dari), w prefekturze Golog (chi\u0144. Guoluo) prowincji Qinghai 24 sierpnia zatrzymano dw\u00f3ch nastolatk\u00f3w, kt\u00f3rzy \u201ekrytykowali\u201d rugowanie j\u0119zyka tybeta\u0144skiego ze szk\u00f3\u0142.<\/p>\n<p><a href=\"https:\/\/tybet.hfhr.org.pl\/wp-content\/uploads\/2021\/08\/GjuldrakJangrik-DarlagGolog-Zatrzymani-KrytykaSzkolnejReformyJezykowej-24Sierpnia2021.jpg\"><img loading=\"lazy\" decoding=\"async\" class=\"alignnone size-medium wp-image-11696\" src=\"https:\/\/tybet.hfhr.org.pl\/wp-content\/uploads\/2021\/08\/GjuldrakJangrik-DarlagGolog-Zatrzymani-KrytykaSzkolnejReformyJezykowej-24Sierpnia2021-300x215.jpg\" alt=\"\" width=\"300\" height=\"215\" srcset=\"https:\/\/tybet.hfhr.org.pl\/wp-content\/uploads\/2021\/08\/GjuldrakJangrik-DarlagGolog-Zatrzymani-KrytykaSzkolnejReformyJezykowej-24Sierpnia2021-300x215.jpg 300w, https:\/\/tybet.hfhr.org.pl\/wp-content\/uploads\/2021\/08\/GjuldrakJangrik-DarlagGolog-Zatrzymani-KrytykaSzkolnejReformyJezykowej-24Sierpnia2021.jpg 620w\" sizes=\"auto, (max-width: 300px) 100vw, 300px\" \/><\/a><\/p>\n<p><!--more--><\/p>\n<p>Dziewi\u0119tnastoletni Gjuldrak i Jangrik mieli dyskutowa\u0107 o \u201ereformie\u201d programu nauczania na popularnym portalu WeChat. W\u0142adze poinformowa\u0142y, \u017ce od wrze\u015bnia jedynym j\u0119zykiem wyk\u0142adowym we wszystkich szko\u0142ach b\u0119dzie chi\u0144ski. Rodzice maj\u0105 odbiera\u0107 nowe, chi\u0144skoj\u0119zyczne podr\u0119czniki \u201ew punktach testowania na COVID\u201d.<\/p>\n<p>Zatrzymanych przewieziono na okr\u0119gowy komisariat w Darlagu.<\/p>\n","protected":false},"excerpt":{"rendered":"<p>Wed\u0142ug tybeta\u0144skich \u017ar\u00f3de\u0142 w Darlagu (chi\u0144. Dari), w prefekturze Golog (chi\u0144. Guoluo) prowincji Qinghai 24 sierpnia zatrzymano dw\u00f3ch nastolatk\u00f3w, kt\u00f3rzy \u201ekrytykowali\u201d rugowanie j\u0119zyka tybeta\u0144skiego ze szk\u00f3\u0142.<\/p>\n","protected":false},"author":1,"featured_media":0,"comment_status":"closed","ping_status":"closed","sticky":false,"template":"","format":"standard","meta":{"footnotes":""},"categories":[2,17],"tags":[28,44,21],"class_list":["post-11695","post","type-post","status-publish","format-standard","hentry","category-aktualnosci","category-hfpc","tag-edukacja","tag-jezyk","tag-zatrzymania"],"_links":{"self":[{"href":"https:\/\/tybet.hfhr.org.pl\/index.php?rest_route=\/wp\/v2\/posts\/11695","targetHints":{"allow":["GET"]}}],"collection":[{"href":"https:\/\/tybet.hfhr.org.pl\/index.php?rest_route=\/wp\/v2\/posts"}],"about":[{"href":"https:\/\/tybet.hfhr.org.pl\/index.php?rest_route=\/wp\/v2\/types\/post"}],"author":[{"embeddable":true,"href":"https:\/\/tybet.hfhr.org.pl\/index.php?rest_route=\/wp\/v2\/users\/1"}],"replies":[{"embeddable":true,"href":"https:\/\/tybet.hfhr.org.pl\/index.php?rest_route=%2Fwp%2Fv2%2Fcomments&post=11695"}],"version-history":[{"count":1,"href":"https:\/\/tybet.hfhr.org.pl\/index.php?rest_route=\/wp\/v2\/posts\/11695\/revisions"}],"predecessor-version":[{"id":11697,"href":"https:\/\/tybet.hfhr.org.pl\/index.php?rest_route=\/wp\/v2\/posts\/11695\/revisions\/11697"}],"wp:attachment":[{"href":"https:\/\/tybet.hfhr.org.pl\/index.php?rest_route=%2Fwp%2Fv2%2Fmedia&parent=11695"}],"wp:term":[{"taxonomy":"category","embeddable":true,"href":"https:\/\/tybet.hfhr.org.pl\/index.php?rest_route=%2Fwp%2Fv2%2Fcategories&post=11695"},{"taxonomy":"post_tag","embeddable":true,"href":"https:\/\/tybet.hfhr.org.pl\/index.php?rest_route=%2Fwp%2Fv2%2Ftags&post=11695"}],"curies":[{"name":"wp","href":"https:\/\/api.w.org\/{rel}","templated":true}]}}