{"id":11698,"date":"2021-09-09T06:29:28","date_gmt":"2021-09-09T04:29:28","guid":{"rendered":"https:\/\/tybet.hfhr.org.pl\/?p=11698"},"modified":"2021-08-31T08:22:54","modified_gmt":"2021-08-31T06:22:54","slug":"przywodcy-partii-zatwierdzaja-polityke-asymilacji-mniejszosci","status":"publish","type":"post","link":"https:\/\/tybet.hfhr.org.pl\/?p=11698","title":{"rendered":"Przyw\u00f3dcy partii zatwierdzaj\u0105 polityk\u0119 asymilacji \u201emniejszo\u015bci\u201d"},"content":{"rendered":"\n<p>\u201eCentralna konferencja po\u015bwi\u0119cona kwestiom etnicznym\u201d zatwierdzi\u0142a przedstawiony przez przewodnicz\u0105cego Xi Jinpinga program asymilacji mniejszo\u015bci narodowych w \u201edziele budowy nowoczesnego, bogatego socjalistycznego pa\u0144stwa w nowej epoce\u201d.<\/p>\n<p><a href=\"https:\/\/tybet.hfhr.org.pl\/wp-content\/uploads\/2021\/08\/XiJinping-StalyKomitetPolitbiura-CentralnaKonferencjaPoswieconaKwestiomEtnicznym-27Sierpnia2021-FotXinhua.jpg\"><img loading=\"lazy\" decoding=\"async\" class=\"alignnone size-medium wp-image-11699\" src=\"https:\/\/tybet.hfhr.org.pl\/wp-content\/uploads\/2021\/08\/XiJinping-StalyKomitetPolitbiura-CentralnaKonferencjaPoswieconaKwestiomEtnicznym-27Sierpnia2021-FotXinhua-300x190.jpg\" alt=\"\" width=\"300\" height=\"190\" srcset=\"https:\/\/tybet.hfhr.org.pl\/wp-content\/uploads\/2021\/08\/XiJinping-StalyKomitetPolitbiura-CentralnaKonferencjaPoswieconaKwestiomEtnicznym-27Sierpnia2021-FotXinhua-300x190.jpg 300w, https:\/\/tybet.hfhr.org.pl\/wp-content\/uploads\/2021\/08\/XiJinping-StalyKomitetPolitbiura-CentralnaKonferencjaPoswieconaKwestiomEtnicznym-27Sierpnia2021-FotXinhua-768x485.jpg 768w, https:\/\/tybet.hfhr.org.pl\/wp-content\/uploads\/2021\/08\/XiJinping-StalyKomitetPolitbiura-CentralnaKonferencjaPoswieconaKwestiomEtnicznym-27Sierpnia2021-FotXinhua-1024x647.jpg 1024w, https:\/\/tybet.hfhr.org.pl\/wp-content\/uploads\/2021\/08\/XiJinping-StalyKomitetPolitbiura-CentralnaKonferencjaPoswieconaKwestiomEtnicznym-27Sierpnia2021-FotXinhua.jpg 1087w\" sizes=\"auto, (max-width: 300px) 100vw, 300px\" \/><\/a><\/p>\n<p><!--more--><\/p>\n<p>W dwudniowej konferencji (27\u201328 sierpnia), pierwszej na takim szczeblu od 2014 roku, uczestniczyli wszyscy cz\u0142onkowie Sta\u0142ego Komitetu Biura Politycznego Komitetu Centralnego Komunistycznej Partii Chin.<\/p>\n<p>Przewodnicz\u0105cy Xi Jinping obwie\u015bci\u0142, \u017ce celem \u201epracy etnicznej\u201d jest \u201ekonsolidowanie poczucia wsp\u00f3lnoty narodu chi\u0144skiego\u201d oraz jego \u201eto\u017csamo\u015bci i dumy\u201d w \u201estrategicznej perspektywie odm\u0142adzania kraju\u201d.<\/p>\n<p>Xi wezwa\u0142 do promowania \u201eintensywnej wymiany, komunikacji i integracji\u201d grup etnicznych w celu \u201ebudowania poczucia przynale\u017cno\u015bci do narodu chi\u0144skiego\u201d pod przewodem partii komunistycznej.<\/p>\n<p>Wed\u0142ug Xi \u201ewykuwanie silnego poczucia wsp\u00f3lnoty narodu chi\u0144skiego\u201d oraz \u201ewsp\u00f3lne strze\u017cenie bezpiecze\u0144stwa pa\u0144stwa i stabilno\u015bci spo\u0142ecznej przez wszystkie grupy etniczne\u201d stanowi\u0105 jedyn\u0105 zapor\u0119 przed \u201einfiltracj\u0105 i sabota\u017cem ekstremist\u00f3w i separatyst\u00f3w\u201d. Wszystkie grupy etniczne \u201etrzeba nauczy\u0107 stawiania na pierwszym miejscu interes\u00f3w narodu chi\u0144skiego\u201d, kt\u00f3rych realizacja powinna obejmowa\u0107 tak\u017ce interesy poszczeg\u00f3lnych sk\u0142adowych.<\/p>\n<p>Ostrzegaj\u0105c przed szowinizmem Han\u00f3w i \u201egrup lokalnych\u201d, Xi Jinping wezwa\u0142 do \u201epromowania m\u00f3wionego i pisanego standardowego j\u0119zyka chi\u0144skiego\u201d przy jednoczesnej \u201eochronie\u201d i \u201eposzanowaniu nauczania\u201d j\u0119zyk\u00f3w wszystkich grup etnicznych (w praktyce rugowanych ju\u017c nie tylko ze szk\u00f3\u0142, ale tak\u017ce przedszkoli). Przewodnicz\u0105cy partii zapowiedzia\u0142 tak\u017ce \u201ebudowanie wsp\u00f3lnego duchowego domu narodu chi\u0144skiego, aby serca wszystkich grup bi\u0142y razem, sp\u00f3jne i solidarne\u201d.<\/p>\n<p>Xi m\u00f3wi\u0142 tak\u017ce o konieczno\u015bci \u201eusprawniania\u201d systemu regionalnej autonomii etnicznej w celu \u201eefektywnego realizowania postanowie\u0144 Komitetu Centralnego\u201d oraz \u201ewprowadzania w \u017cycie ustaw i przepis\u00f3w pa\u0144stwowych\u201d.<\/p>\n","protected":false},"excerpt":{"rendered":"<p>\u201eCentralna konferencja po\u015bwi\u0119cona kwestiom etnicznym\u201d zatwierdzi\u0142a przedstawiony przez przewodnicz\u0105cego Xi Jinpinga program asymilacji mniejszo\u015bci narodowych w \u201edziele budowy nowoczesnego, bogatego socjalistycznego pa\u0144stwa w nowej epoce\u201d.<\/p>\n","protected":false},"author":1,"featured_media":0,"comment_status":"closed","ping_status":"closed","sticky":false,"template":"","format":"standard","meta":{"footnotes":""},"categories":[2,17],"tags":[44,31,26],"class_list":["post-11698","post","type-post","status-publish","format-standard","hentry","category-aktualnosci","category-hfpc","tag-jezyk","tag-marginalizacja","tag-polityka"],"_links":{"self":[{"href":"https:\/\/tybet.hfhr.org.pl\/index.php?rest_route=\/wp\/v2\/posts\/11698","targetHints":{"allow":["GET"]}}],"collection":[{"href":"https:\/\/tybet.hfhr.org.pl\/index.php?rest_route=\/wp\/v2\/posts"}],"about":[{"href":"https:\/\/tybet.hfhr.org.pl\/index.php?rest_route=\/wp\/v2\/types\/post"}],"author":[{"embeddable":true,"href":"https:\/\/tybet.hfhr.org.pl\/index.php?rest_route=\/wp\/v2\/users\/1"}],"replies":[{"embeddable":true,"href":"https:\/\/tybet.hfhr.org.pl\/index.php?rest_route=%2Fwp%2Fv2%2Fcomments&post=11698"}],"version-history":[{"count":1,"href":"https:\/\/tybet.hfhr.org.pl\/index.php?rest_route=\/wp\/v2\/posts\/11698\/revisions"}],"predecessor-version":[{"id":11700,"href":"https:\/\/tybet.hfhr.org.pl\/index.php?rest_route=\/wp\/v2\/posts\/11698\/revisions\/11700"}],"wp:attachment":[{"href":"https:\/\/tybet.hfhr.org.pl\/index.php?rest_route=%2Fwp%2Fv2%2Fmedia&parent=11698"}],"wp:term":[{"taxonomy":"category","embeddable":true,"href":"https:\/\/tybet.hfhr.org.pl\/index.php?rest_route=%2Fwp%2Fv2%2Fcategories&post=11698"},{"taxonomy":"post_tag","embeddable":true,"href":"https:\/\/tybet.hfhr.org.pl\/index.php?rest_route=%2Fwp%2Fv2%2Ftags&post=11698"}],"curies":[{"name":"wp","href":"https:\/\/api.w.org\/{rel}","templated":true}]}}