{"id":1186,"date":"2015-04-02T07:24:06","date_gmt":"2015-04-02T05:24:06","guid":{"rendered":"http:\/\/www.hfhrpol.waw.pl\/tybet\/?p=1186"},"modified":"2015-04-02T07:24:06","modified_gmt":"2015-04-02T05:24:06","slug":"zatrzymanie-trzech-kolejnych-mnichow-i-swieckiego-w-sogu","status":"publish","type":"post","link":"https:\/\/tybet.hfhr.org.pl\/?p=1186","title":{"rendered":"Zatrzymanie trzech kolejnych mnich\u00f3w i \u015bwieckiego w Sogu"},"content":{"rendered":"<p>Wed\u0142ug tybeta\u0144skich \u017ar\u00f3de\u0142 noc\u0105 28 marca policja zatrzyma\u0142a trzech kolejnych mnich\u00f3w klasztoru Cenden oraz \u015bwieckiego w okr\u0119gu Sog (chi\u0144. Suo) prefektury Nagczu (chi\u0144. Naqu), w Tybeta\u0144skim Regionie Autonomicznym.<\/p>\n<p><a href=\"http:\/\/www.hfhrpol.waw.pl\/tybet\/wp-content\/uploads\/2015\/04\/CzophelDala-SogCenden-Zatrzymany28Marca2015.jpg\"><img loading=\"lazy\" decoding=\"async\" class=\"alignnone size-medium wp-image-1187\" src=\"http:\/\/www.hfhrpol.waw.pl\/tybet\/wp-content\/uploads\/2015\/04\/CzophelDala-SogCenden-Zatrzymany28Marca2015-284x300.jpg\" alt=\"CzophelDala-SogCenden-Zatrzymany28Marca2015\" width=\"284\" height=\"300\" srcset=\"https:\/\/tybet.hfhr.org.pl\/wp-content\/uploads\/2015\/04\/CzophelDala-SogCenden-Zatrzymany28Marca2015-284x300.jpg 284w, https:\/\/tybet.hfhr.org.pl\/wp-content\/uploads\/2015\/04\/CzophelDala-SogCenden-Zatrzymany28Marca2015.jpg 425w\" sizes=\"auto, (max-width: 284px) 100vw, 284px\" \/><\/a><\/p>\n<p><!--more--><\/p>\n<p>Jeden z zatrzymanych duchownych \u2013 dwudziestosiedmioletni Czophel Da\u0142a \u2013 sp\u0119dzi\u0142 ju\u017c dwa lata w wi\u0119zieniu, do kt\u00f3rego trafi\u0142 w styczniu 2012 roku.<\/p>\n<p>W po\u0142owie marca z Cendenu <a href=\"http:\/\/www.hfhrpol.waw.pl\/tybet\/?p=1126\" target=\"_blank\">zabrano siedmiu duchownych<\/a>, a tydzie\u0144 p\u00f3\u017aniej <a href=\"http:\/\/www.hfhrpol.waw.pl\/tybet\/?p=1162\" target=\"_blank\">administratora \u015bwi\u0105tyni<\/a>. Lokalne \u017ar\u00f3d\u0142a podawa\u0142y, \u017ce zatrzymania s\u0105 najprawdopodobniej zwi\u0105zane z udost\u0119pnianiem \u201epolitycznie dra\u017cliwych\u201d informacji i zdj\u0119\u0107 w internecie.<\/p>\n","protected":false},"excerpt":{"rendered":"<p>Wed\u0142ug tybeta\u0144skich \u017ar\u00f3de\u0142 noc\u0105 28 marca policja zatrzyma\u0142a trzech kolejnych mnich\u00f3w klasztoru Cenden oraz \u015bwieckiego w okr\u0119gu Sog (chi\u0144. Suo) prefektury Nagczu (chi\u0144. Naqu), w Tybeta\u0144skim Regionie Autonomicznym.<\/p>\n","protected":false},"author":1,"featured_media":0,"comment_status":"closed","ping_status":"closed","sticky":false,"template":"","format":"standard","meta":{"footnotes":""},"categories":[2,17],"tags":[19,21],"class_list":["post-1186","post","type-post","status-publish","format-standard","hentry","category-aktualnosci","category-hfpc","tag-protesty-polityczne","tag-zatrzymania"],"_links":{"self":[{"href":"https:\/\/tybet.hfhr.org.pl\/index.php?rest_route=\/wp\/v2\/posts\/1186","targetHints":{"allow":["GET"]}}],"collection":[{"href":"https:\/\/tybet.hfhr.org.pl\/index.php?rest_route=\/wp\/v2\/posts"}],"about":[{"href":"https:\/\/tybet.hfhr.org.pl\/index.php?rest_route=\/wp\/v2\/types\/post"}],"author":[{"embeddable":true,"href":"https:\/\/tybet.hfhr.org.pl\/index.php?rest_route=\/wp\/v2\/users\/1"}],"replies":[{"embeddable":true,"href":"https:\/\/tybet.hfhr.org.pl\/index.php?rest_route=%2Fwp%2Fv2%2Fcomments&post=1186"}],"version-history":[{"count":1,"href":"https:\/\/tybet.hfhr.org.pl\/index.php?rest_route=\/wp\/v2\/posts\/1186\/revisions"}],"predecessor-version":[{"id":1188,"href":"https:\/\/tybet.hfhr.org.pl\/index.php?rest_route=\/wp\/v2\/posts\/1186\/revisions\/1188"}],"wp:attachment":[{"href":"https:\/\/tybet.hfhr.org.pl\/index.php?rest_route=%2Fwp%2Fv2%2Fmedia&parent=1186"}],"wp:term":[{"taxonomy":"category","embeddable":true,"href":"https:\/\/tybet.hfhr.org.pl\/index.php?rest_route=%2Fwp%2Fv2%2Fcategories&post=1186"},{"taxonomy":"post_tag","embeddable":true,"href":"https:\/\/tybet.hfhr.org.pl\/index.php?rest_route=%2Fwp%2Fv2%2Ftags&post=1186"}],"curies":[{"name":"wp","href":"https:\/\/api.w.org\/{rel}","templated":true}]}}