{"id":11924,"date":"2021-11-15T06:29:43","date_gmt":"2021-11-15T05:29:43","guid":{"rendered":"https:\/\/tybet.hfhr.org.pl\/?p=11924"},"modified":"2022-01-20T08:30:18","modified_gmt":"2022-01-20T07:30:18","slug":"usuniecie-tybetanskiego-z-aplikacji-edukacyjnej-i-serwisow-internetowych","status":"publish","type":"post","link":"https:\/\/tybet.hfhr.org.pl\/?p=11924","title":{"rendered":"Usuni\u0119cie tybeta\u0144skiego z aplikacji edukacyjnej i serwis\u00f3w internetowych"},"content":{"rendered":"\n<p>Po og\u0142oszeniu w tym roku \u201e<a href=\"https:\/\/tybet.hfhr.org.pl\/?p=10906\" target=\"_blank\" rel=\"noopener noreferrer\">niekonstytucyjno\u015bci<\/a>\u201d ochrony j\u0119zyk\u00f3w mniejszo\u015bci, od kilku lat konsekwentnie <a href=\"https:\/\/tybet.hfhr.org.pl\/?p=9740\" target=\"_blank\" rel=\"noopener noreferrer\">rugowanych<\/a> ze szk\u00f3\u0142 w regionach \u201e<a href=\"https:\/\/tybet.hfhr.org.pl\/?p=11351\" target=\"_blank\" rel=\"noopener noreferrer\">autonomicznych<\/a>\u201d, oraz wprowadzeniu chi\u0144skiego jako j\u0119zyka wyk\u0142adowego we wszystkich plac\u00f3wkach edukacyjnych w Tybecie z \u201ezaszczepiaj\u0105cymi czerwony gen\u201d <a href=\"https:\/\/tybet.hfhr.org.pl\/?p=11347\" target=\"_blank\" rel=\"noopener noreferrer\">przedszkolami<\/a> w\u0142\u0105cznie, 2 sierpnia ministerstwo o\u015bwiaty wyda\u0142o dyrektyw\u0119, na podstawie kt\u00f3rej usuni\u0119to ujgurski i tybeta\u0144ski z aplikacji TalkMate i serwisu strumieniowego Bilibili.<\/p>\n<p><a href=\"https:\/\/tybet.hfhr.org.pl\/wp-content\/uploads\/2021\/11\/Talkmate-UsuniecieJezykowTybetanskiegoUjgurskiego-FotChinaDigitalTimes.jpg\"><img loading=\"lazy\" decoding=\"async\" class=\"alignnone size-medium wp-image-11925\" src=\"https:\/\/tybet.hfhr.org.pl\/wp-content\/uploads\/2021\/11\/Talkmate-UsuniecieJezykowTybetanskiegoUjgurskiego-FotChinaDigitalTimes-300x300.jpg\" alt=\"\" width=\"300\" height=\"300\" srcset=\"https:\/\/tybet.hfhr.org.pl\/wp-content\/uploads\/2021\/11\/Talkmate-UsuniecieJezykowTybetanskiegoUjgurskiego-FotChinaDigitalTimes-300x300.jpg 300w, https:\/\/tybet.hfhr.org.pl\/wp-content\/uploads\/2021\/11\/Talkmate-UsuniecieJezykowTybetanskiegoUjgurskiego-FotChinaDigitalTimes-150x150.jpg 150w, https:\/\/tybet.hfhr.org.pl\/wp-content\/uploads\/2021\/11\/Talkmate-UsuniecieJezykowTybetanskiegoUjgurskiego-FotChinaDigitalTimes.jpg 512w\" sizes=\"auto, (max-width: 300px) 100vw, 300px\" \/><\/a><\/p>\n<p><!--more--><\/p>\n<p>Pog\u0142\u0119bianie marginalizacji j\u0119zyk\u00f3w mniejszo\u015bci wpisuje si\u0119 w <a href=\"https:\/\/tybet.hfhr.org.pl\/?p=11698\" target=\"_blank\" rel=\"noopener noreferrer\">zatwierdzon\u0105<\/a> w\u0142a\u015bnie na najwy\u017cszym szczeblu polityk\u0119 sinizacji i asymilacji. Jak na ironi\u0119, TalkMate chwali si\u0119 posiadaniem \u201ezasob\u00f3w wi\u0119kszo\u015bci j\u0119zyk\u00f3w na \u015bwiecie\u201d i przedstawia jako \u201eplatforma aplikacji \u015awiatowej Mapy J\u0119zykowej UNESCO\u201d.<\/p>\n<p><a href=\"https:\/\/tybet.hfhr.org.pl\/wp-content\/uploads\/2021\/11\/Bilibili-Blad-WyszukiwaniePoTybetanskuUjgursku-FotChinaDigitalTimes.jpg\"><img loading=\"lazy\" decoding=\"async\" class=\"alignnone size-medium wp-image-11926\" src=\"https:\/\/tybet.hfhr.org.pl\/wp-content\/uploads\/2021\/11\/Bilibili-Blad-WyszukiwaniePoTybetanskuUjgursku-FotChinaDigitalTimes-300x220.jpg\" alt=\"\" width=\"300\" height=\"220\" srcset=\"https:\/\/tybet.hfhr.org.pl\/wp-content\/uploads\/2021\/11\/Bilibili-Blad-WyszukiwaniePoTybetanskuUjgursku-FotChinaDigitalTimes-300x220.jpg 300w, https:\/\/tybet.hfhr.org.pl\/wp-content\/uploads\/2021\/11\/Bilibili-Blad-WyszukiwaniePoTybetanskuUjgursku-FotChinaDigitalTimes.jpg 527w\" sizes=\"auto, (max-width: 300px) 100vw, 300px\" \/><\/a><\/p>\n<p>Od 1 listopada serwis Bilibili nie pokazuje film\u00f3w z ujgurskimi i tybeta\u0144skimi napisami. Pr\u00f3buj\u0105c ich szuka\u0107, otrzymuje si\u0119 informacj\u0119 o \u201eb\u0142\u0119dzie\u201d i komunikat: \u201ekomentarz zawiera dra\u017cliwe tre\u015bci\u201d (co z regu\u0142y oznacza niepoprawno\u015b\u0107 \u201epolityczn\u0105\u201d).<\/p>\n<p>We wrze\u015bniu centralna komisja ds. etnicznych zmieni\u0142a wytyczne dotycz\u0105ce polityki edukacyjnej, zast\u0119puj\u0105c gwarancje dla j\u0119zyk\u00f3w mniejszo\u015bci zapisem o \u201epromowaniu wsp\u00f3lnego j\u0119zyka narodowego\u201d. Eksperci widz\u0105 w tym formalne wprowadzenie \u201epolityki etnicznej drugiej generacji\u201d, kt\u00f3ra stawia na \u201ejedno\u015b\u0107\u201d, a nie \u201er\u00f3\u017cnorodno\u015b\u0107\u201d.<\/p>\n<p>W Turkiestanie Wschodnim, gdzie w\u0142adze prowadz\u0105 kampani\u0119 zwalczania \u201etrzech zagro\u017ce\u0144\u201d (terroryzmu, separatyzmu i religijnego ekstremizmu) rodzimy j\u0119zyk i kultura postrzegane s\u0105 jako zagro\u017cenie dla bezpiecze\u0144stwa pa\u0144stwa. W obozach reedukacyjnych, w kt\u00f3rych w ostatnich latach przetrzymywano ponad milion Ujgur\u00f3w, osadzeni przechodz\u0105 intensywne kursy chi\u0144skiego. W Tybecie zmieniono zasad\u0119 \u201epolityki reform i otwarcia\u201d z pocz\u0105tku lat osiemdziesi\u0105tych, oddaj\u0105c g\u00f3rn\u0105 cz\u0119\u015b\u0107 tablic, szyld\u00f3w i znak\u00f3w j\u0119zykowi mandary\u0144skiemu.<\/p>\n","protected":false},"excerpt":{"rendered":"<p>Po og\u0142oszeniu w tym roku \u201eniekonstytucyjno\u015bci\u201d ochrony j\u0119zyk\u00f3w mniejszo\u015bci, od kilku lat konsekwentnie rugowanych ze szk\u00f3\u0142 w regionach \u201eautonomicznych\u201d, oraz wprowadzeniu chi\u0144skiego jako j\u0119zyka wyk\u0142adowego we wszystkich plac\u00f3wkach edukacyjnych w Tybecie z \u201ezaszczepiaj\u0105cymi czerwony gen\u201d przedszkolami w\u0142\u0105cznie, 2 sierpnia ministerstwo o\u015bwiaty wyda\u0142o dyrektyw\u0119, na podstawie kt\u00f3rej usuni\u0119to ujgurski i tybeta\u0144ski z aplikacji TalkMate i serwisu [&hellip;]<\/p>\n","protected":false},"author":1,"featured_media":0,"comment_status":"closed","ping_status":"closed","sticky":false,"template":"","format":"standard","meta":{"footnotes":""},"categories":[2,17],"tags":[44,26,60],"class_list":["post-11924","post","type-post","status-publish","format-standard","hentry","category-aktualnosci","category-hfpc","tag-jezyk","tag-polityka","tag-sinizacja"],"_links":{"self":[{"href":"https:\/\/tybet.hfhr.org.pl\/index.php?rest_route=\/wp\/v2\/posts\/11924","targetHints":{"allow":["GET"]}}],"collection":[{"href":"https:\/\/tybet.hfhr.org.pl\/index.php?rest_route=\/wp\/v2\/posts"}],"about":[{"href":"https:\/\/tybet.hfhr.org.pl\/index.php?rest_route=\/wp\/v2\/types\/post"}],"author":[{"embeddable":true,"href":"https:\/\/tybet.hfhr.org.pl\/index.php?rest_route=\/wp\/v2\/users\/1"}],"replies":[{"embeddable":true,"href":"https:\/\/tybet.hfhr.org.pl\/index.php?rest_route=%2Fwp%2Fv2%2Fcomments&post=11924"}],"version-history":[{"count":3,"href":"https:\/\/tybet.hfhr.org.pl\/index.php?rest_route=\/wp\/v2\/posts\/11924\/revisions"}],"predecessor-version":[{"id":12292,"href":"https:\/\/tybet.hfhr.org.pl\/index.php?rest_route=\/wp\/v2\/posts\/11924\/revisions\/12292"}],"wp:attachment":[{"href":"https:\/\/tybet.hfhr.org.pl\/index.php?rest_route=%2Fwp%2Fv2%2Fmedia&parent=11924"}],"wp:term":[{"taxonomy":"category","embeddable":true,"href":"https:\/\/tybet.hfhr.org.pl\/index.php?rest_route=%2Fwp%2Fv2%2Fcategories&post=11924"},{"taxonomy":"post_tag","embeddable":true,"href":"https:\/\/tybet.hfhr.org.pl\/index.php?rest_route=%2Fwp%2Fv2%2Ftags&post=11924"}],"curies":[{"name":"wp","href":"https:\/\/api.w.org\/{rel}","templated":true}]}}