{"id":12610,"date":"2022-04-28T06:29:17","date_gmt":"2022-04-28T04:29:17","guid":{"rendered":"https:\/\/tybet.hfhr.org.pl\/?p=12610"},"modified":"2022-04-20T08:05:53","modified_gmt":"2022-04-20T06:05:53","slug":"zwolnienia-ponowny-proces-dzialaczy-z-rebgongu","status":"publish","type":"post","link":"https:\/\/tybet.hfhr.org.pl\/?p=12610","title":{"rendered":"Zwolnienia, ponowny proces dzia\u0142aczy z Rebgongu"},"content":{"rendered":"\n<p>Tybeta\u0144skie \u017ar\u00f3d\u0142a informuj\u0105 o zwolnieniu i \u201eponownym procesie\u201d za\u0142o\u017cycieli \u201ez\u0142ej organizacji\u201d, walcz\u0105cych o odzyskanie ziem przej\u0119tych przez w\u0142adze lokalne w Rebgongu (chi\u0144. Tongren), w prefekturze Malho (chi\u0144. Huangnan) prowincji Qinghai.<\/p>\n<p><a href=\"https:\/\/tybet.hfhr.org.pl\/wp-content\/uploads\/2022\/04\/Rebgong-FotTibetTimes.jpg\"><img loading=\"lazy\" decoding=\"async\" class=\"alignnone size-medium wp-image-12611\" src=\"https:\/\/tybet.hfhr.org.pl\/wp-content\/uploads\/2022\/04\/Rebgong-FotTibetTimes-206x300.jpg\" alt=\"\" width=\"206\" height=\"300\" srcset=\"https:\/\/tybet.hfhr.org.pl\/wp-content\/uploads\/2022\/04\/Rebgong-FotTibetTimes-206x300.jpg 206w, https:\/\/tybet.hfhr.org.pl\/wp-content\/uploads\/2022\/04\/Rebgong-FotTibetTimes-702x1024.jpg 702w, https:\/\/tybet.hfhr.org.pl\/wp-content\/uploads\/2022\/04\/Rebgong-FotTibetTimes.jpg 719w\" sizes=\"auto, (max-width: 206px) 100vw, 206px\" \/><\/a><\/p>\n<p><!--more--><\/p>\n<p>Ca\u0142\u0105 grup\u0119 <a href=\"https:\/\/tybet.hfhr.org.pl\/?p=8435\" target=\"_blank\" rel=\"noopener noreferrer\">skazano<\/a> w 2018 roku na kary od trzech do siedmiu lat wi\u0119zienia za \u201ezak\u0142\u00f3canie porz\u0105dku poprzez mobilizowanie mas\u201d i \u201euzurpowanie w\u0142adzy politycznej\u201d w dw\u00f3ch wioskach, kt\u00f3rym urz\u0119dnicy odebrali pastwiska, \u017ceby wystawi\u0107 na nich cegielnie.<\/p>\n<p>W styczniu, po odbyciu pe\u0142nych kar, zwolniono Sonama Gjala i \u201edw\u00f3ch innych\u201d. Nast\u0119pna tr\u00f3jka powinna opu\u015bci\u0107 wi\u0119zienie w czerwcu, \u201eale nie jest to pewne\u201d.<\/p>\n<p>Trzech pozosta\u0142ych \u201eponownie postawiono przed s\u0105dem i zn\u00f3w skazano na siedem lat wi\u0119zienia, uniewa\u017cniaj\u0105c poprzednie wyroki\u201d.<\/p>\n<p>Cho\u0107 wszyscy odbywali kary w \u201enieodleg\u0142ym\u201d wi\u0119zieniu, w Rebgongu, \u201ekrewnym przez ca\u0142y czas nie wydawano zgody na widzenie\u201d.<\/p>\n","protected":false},"excerpt":{"rendered":"<p>Tybeta\u0144skie \u017ar\u00f3d\u0142a informuj\u0105 o zwolnieniu i \u201eponownym procesie\u201d za\u0142o\u017cycieli \u201ez\u0142ej organizacji\u201d, walcz\u0105cych o odzyskanie ziem przej\u0119tych przez w\u0142adze lokalne w Rebgongu (chi\u0144. Tongren), w prefekturze Malho (chi\u0144. Huangnan) prowincji Qinghai.<\/p>\n","protected":false},"author":1,"featured_media":0,"comment_status":"closed","ping_status":"closed","sticky":false,"template":"","format":"standard","meta":{"footnotes":""},"categories":[2,17],"tags":[20,22],"class_list":["post-12610","post","type-post","status-publish","format-standard","hentry","category-aktualnosci","category-hfpc","tag-protesty-spoleczne","tag-wyroki"],"_links":{"self":[{"href":"https:\/\/tybet.hfhr.org.pl\/index.php?rest_route=\/wp\/v2\/posts\/12610","targetHints":{"allow":["GET"]}}],"collection":[{"href":"https:\/\/tybet.hfhr.org.pl\/index.php?rest_route=\/wp\/v2\/posts"}],"about":[{"href":"https:\/\/tybet.hfhr.org.pl\/index.php?rest_route=\/wp\/v2\/types\/post"}],"author":[{"embeddable":true,"href":"https:\/\/tybet.hfhr.org.pl\/index.php?rest_route=\/wp\/v2\/users\/1"}],"replies":[{"embeddable":true,"href":"https:\/\/tybet.hfhr.org.pl\/index.php?rest_route=%2Fwp%2Fv2%2Fcomments&post=12610"}],"version-history":[{"count":1,"href":"https:\/\/tybet.hfhr.org.pl\/index.php?rest_route=\/wp\/v2\/posts\/12610\/revisions"}],"predecessor-version":[{"id":12612,"href":"https:\/\/tybet.hfhr.org.pl\/index.php?rest_route=\/wp\/v2\/posts\/12610\/revisions\/12612"}],"wp:attachment":[{"href":"https:\/\/tybet.hfhr.org.pl\/index.php?rest_route=%2Fwp%2Fv2%2Fmedia&parent=12610"}],"wp:term":[{"taxonomy":"category","embeddable":true,"href":"https:\/\/tybet.hfhr.org.pl\/index.php?rest_route=%2Fwp%2Fv2%2Fcategories&post=12610"},{"taxonomy":"post_tag","embeddable":true,"href":"https:\/\/tybet.hfhr.org.pl\/index.php?rest_route=%2Fwp%2Fv2%2Ftags&post=12610"}],"curies":[{"name":"wp","href":"https:\/\/api.w.org\/{rel}","templated":true}]}}