{"id":12618,"date":"2022-04-22T08:10:59","date_gmt":"2022-04-22T06:10:59","guid":{"rendered":"https:\/\/tybet.hfhr.org.pl\/?p=12618"},"modified":"2022-04-22T11:53:40","modified_gmt":"2022-04-22T09:53:40","slug":"dalajlama-przeslanie-na-dzien-ziemi-2022","status":"publish","type":"post","link":"https:\/\/tybet.hfhr.org.pl\/?p=12618","title":{"rendered":"Dalajlama: Przes\u0142anie na Dzie\u0144 Ziemi 2022"},"content":{"rendered":"\n<p>Z okazji Dnia Ziemi w 2022 roku przypomnijmy sobie, \u017ce ka\u017cdy chce \u017cy\u0107 szcz\u0119\u015bliwie. Nie tylko ludzie \u2013 r\u00f3wnie\u017c zwierz\u0119ta, owady, ptaki. Wszyscy powinni\u015bmy czu\u0107 si\u0119 odpowiedzialni za nasze wsp\u00f3lne istnienie. Dzi\u0119ki cudownym ludzkim m\u00f3zgom mo\u017cemy zdzia\u0142a\u0107 wiele dobrego, jednak wystarczy spojrze\u0107 na otaczaj\u0105cy nas \u015bwiat, \u017ceby przekona\u0107 si\u0119, \u017ce nie radzimy sobie najlepiej. Potrzebujemy bardziej holistycznej edukacji, obejmuj\u0105cej warto\u015bci wewn\u0119trzne, takie jak przepe\u0142niona wsp\u00f3\u0142czuciem troska o innych.<\/p>\n<p><!--more--><\/p>\n<p>Nasz \u015bwiat jest wsp\u00f3\u0142zale\u017cny. Nowe wyzywania, takie jak dotykaj\u0105cy wszystkich kryzys klimatyczny, oraz globalna gospodarka sprawiaj\u0105, \u017ce musimy my\u015ble\u0107 o interesach ca\u0142ej ludzko\u015bci i stawia\u0107 je na pierwszym miejscu.<\/p>\n<p>Musimy pilnie podj\u0105\u0107 kroki, kt\u00f3re zmniejsz\u0105 nasze uzale\u017cnienie od paliw kopalnych i pozwol\u0105 korzysta\u0107 z odnawialnych \u017ar\u00f3de\u0142 energii, cho\u0107by wiatru i S\u0142o\u0144ca. Musimy zatrzyma\u0107 deforestacj\u0119 i lepiej chroni\u0107 \u015brodowisko. Musimy sadzi\u0107 i piel\u0119gnowa\u0107 wi\u0119cej drzew. Na w\u0142asne oczy \u2013 najpierw w Tybecie, teraz w Dharamsali \u2013 widz\u0119, \u017ce spada mniej \u015bniegu. I s\u0142ysz\u0119 od naukowc\u00f3w, \u017ce istnieje ryzyko, i\u017c miejsca takie jak Tybet zmieni\u0105 si\u0119 z czasem w pustynie, przez co czuj\u0119 si\u0119 zobowi\u0105zany do m\u00f3wienia o konieczno\u015bci chronienia jego kruchego \u015brodowiska naturalnego.<\/p>\n<p>Podstaw\u0105 naszego \u017cycia jest nadzieja, \u017ce w przysz\u0142o\u015bci b\u0119dzie lepiej. Aczkolwiek nie mamy \u017cadnych gwarancji, pozostajemy optymistami, co bez w\u0105tpienia s\u0142u\u017cy nam bardziej ni\u017c czarnowidztwo. I cho\u0107 globalne ocieplenie narasta, wielu ludzi, zw\u0142aszcza m\u0142odych, wsp\u00f3lnie poszukuje rozwi\u0105za\u0144, dziel\u0105c si\u0119 swoimi dokonaniami. To oni s\u0105 nasz\u0105 nadziej\u0105.<\/p>\n<p>Stoj\u0105c przed wyzwaniami, b\u0119d\u0105cymi konsekwencj\u0105 kryzysu klimatycznego, musimy sobie pom\u00f3c, opracowuj\u0105c kalendarz zmian. Jako mieszka\u0144cy jednej planety powinni\u015bmy stara\u0107 si\u0119 \u017cy\u0107 ze sob\u0105 szcz\u0119\u015bliwie. Zagro\u017cenie klimatyczne nie uwzgl\u0119dnia pa\u0144stwowych granic i oddzia\u0142uje na wszystkich. Trzeba wzi\u0105\u0107 si\u0119 do pracy, \u017ceby chroni\u0107 przyrod\u0119 i planet\u0119, nasz jedyny dom.<\/p>\n<p>&nbsp;<\/p>\n<p>22 kwietnia 2022<\/p>\n","protected":false},"excerpt":{"rendered":"<p>Z okazji Dnia Ziemi w 2022 roku przypomnijmy sobie, \u017ce ka\u017cdy chce \u017cy\u0107 szcz\u0119\u015bliwie. Nie tylko ludzie \u2013 r\u00f3wnie\u017c zwierz\u0119ta, owady, ptaki. Wszyscy powinni\u015bmy czu\u0107 si\u0119 odpowiedzialni za nasze wsp\u00f3lne istnienie. Dzi\u0119ki cudownym ludzkim m\u00f3zgom mo\u017cemy zdzia\u0142a\u0107 wiele dobrego, jednak wystarczy spojrze\u0107 na otaczaj\u0105cy nas \u015bwiat, \u017ceby przekona\u0107 si\u0119, \u017ce nie radzimy sobie najlepiej. Potrzebujemy [&hellip;]<\/p>\n","protected":false},"author":1,"featured_media":12623,"comment_status":"closed","ping_status":"closed","sticky":false,"template":"","format":"standard","meta":{"footnotes":""},"categories":[4,7],"tags":[49,34],"class_list":["post-12618","post","type-post","status-publish","format-standard","has-post-thumbnail","hentry","category-teksty","category-z-perspektywy-tybetanczykow","tag-dalajlama","tag-srodowisko"],"_links":{"self":[{"href":"https:\/\/tybet.hfhr.org.pl\/index.php?rest_route=\/wp\/v2\/posts\/12618","targetHints":{"allow":["GET"]}}],"collection":[{"href":"https:\/\/tybet.hfhr.org.pl\/index.php?rest_route=\/wp\/v2\/posts"}],"about":[{"href":"https:\/\/tybet.hfhr.org.pl\/index.php?rest_route=\/wp\/v2\/types\/post"}],"author":[{"embeddable":true,"href":"https:\/\/tybet.hfhr.org.pl\/index.php?rest_route=\/wp\/v2\/users\/1"}],"replies":[{"embeddable":true,"href":"https:\/\/tybet.hfhr.org.pl\/index.php?rest_route=%2Fwp%2Fv2%2Fcomments&post=12618"}],"version-history":[{"count":2,"href":"https:\/\/tybet.hfhr.org.pl\/index.php?rest_route=\/wp\/v2\/posts\/12618\/revisions"}],"predecessor-version":[{"id":12624,"href":"https:\/\/tybet.hfhr.org.pl\/index.php?rest_route=\/wp\/v2\/posts\/12618\/revisions\/12624"}],"wp:featuredmedia":[{"embeddable":true,"href":"https:\/\/tybet.hfhr.org.pl\/index.php?rest_route=\/wp\/v2\/media\/12623"}],"wp:attachment":[{"href":"https:\/\/tybet.hfhr.org.pl\/index.php?rest_route=%2Fwp%2Fv2%2Fmedia&parent=12618"}],"wp:term":[{"taxonomy":"category","embeddable":true,"href":"https:\/\/tybet.hfhr.org.pl\/index.php?rest_route=%2Fwp%2Fv2%2Fcategories&post=12618"},{"taxonomy":"post_tag","embeddable":true,"href":"https:\/\/tybet.hfhr.org.pl\/index.php?rest_route=%2Fwp%2Fv2%2Ftags&post=12618"}],"curies":[{"name":"wp","href":"https:\/\/api.w.org\/{rel}","templated":true}]}}