{"id":13284,"date":"2022-10-27T08:12:14","date_gmt":"2022-10-27T06:12:14","guid":{"rendered":"https:\/\/tybet.hfhr.org.pl\/?p=13284"},"modified":"2022-10-31T06:54:56","modified_gmt":"2022-10-31T05:54:56","slug":"uliczne-protesty-w-lhasie-przeciwko-pandemicznym-restrykcjom","status":"publish","type":"post","link":"https:\/\/tybet.hfhr.org.pl\/?p=13284","title":{"rendered":"Uliczne protesty przeciwko pandemicznym restrykcjom w Lhasie"},"content":{"rendered":"\n<p>Niezale\u017cne \u017ar\u00f3d\u0142a informuj\u0105 o co najmniej dw\u00f3ch masowych protestach przeciwko \u2013 rzekomo zniesionym po zako\u0144czeniu partyjnego zjazdu \u2013 ponaddwumiesi\u0119cznym restrykcjom polityki \u201ezero COVID\u201d w Lhasie. To pierwsze uliczne demonstracje w stolicy Tybetu od <a href=\"https:\/\/tybet.hfhr.org.pl\/?p=6039\" target=\"_blank\" rel=\"noopener noreferrer\">krwawo st\u0142umionych wyst\u0105pie\u0144<\/a> w 2008 roku.<\/p>\n<p><a href=\"https:\/\/tybet.hfhr.org.pl\/wp-content\/uploads\/2022\/10\/Lhasa-Demonstracja-RestrykcjeCOVID-26Pazdziernika2022.png\"><img loading=\"lazy\" decoding=\"async\" class=\"alignnone size-medium wp-image-13285\" src=\"https:\/\/tybet.hfhr.org.pl\/wp-content\/uploads\/2022\/10\/Lhasa-Demonstracja-RestrykcjeCOVID-26Pazdziernika2022-300x231.png\" alt=\"\" width=\"300\" height=\"231\" srcset=\"https:\/\/tybet.hfhr.org.pl\/wp-content\/uploads\/2022\/10\/Lhasa-Demonstracja-RestrykcjeCOVID-26Pazdziernika2022-300x231.png 300w, https:\/\/tybet.hfhr.org.pl\/wp-content\/uploads\/2022\/10\/Lhasa-Demonstracja-RestrykcjeCOVID-26Pazdziernika2022-768x591.png 768w, https:\/\/tybet.hfhr.org.pl\/wp-content\/uploads\/2022\/10\/Lhasa-Demonstracja-RestrykcjeCOVID-26Pazdziernika2022-1024x787.png 1024w, https:\/\/tybet.hfhr.org.pl\/wp-content\/uploads\/2022\/10\/Lhasa-Demonstracja-RestrykcjeCOVID-26Pazdziernika2022.png 1385w\" sizes=\"auto, (max-width: 300px) 100vw, 300px\" \/><\/a><\/p>\n<p><!--more--><\/p>\n<p>W sieci pojawi\u0142y si\u0119 zdj\u0119cia i kr\u00f3tkie filmy z demonstracji, do kt\u00f3rych dosz\u0142o 26 pa\u017adziernika w dw\u00f3ch dzielnicach. W ci\u0105gu dnia t\u0142um spokojnie stoi, noc\u0105 samochody blokuj\u0105 ulice, ludzie biegaj\u0105 i wznosz\u0105 okrzyki \u2013 s\u0142ycha\u0107 j\u0119zyk chi\u0144ski i tybeta\u0144ski.<\/p>\n<div style=\"width: 474px;\" class=\"wp-video\"><video class=\"wp-video-shortcode\" id=\"video-13284-1\" width=\"474\" height=\"267\" preload=\"metadata\" controls=\"controls\"><source type=\"video\/mp4\" src=\"https:\/\/tybet.hfhr.org.pl\/wp-content\/uploads\/2022\/10\/Lhasa-Demonstracja-RestryckcjeCOVID-26Pazdziernika2022.mp4?_=1\" \/><a href=\"https:\/\/tybet.hfhr.org.pl\/wp-content\/uploads\/2022\/10\/Lhasa-Demonstracja-RestryckcjeCOVID-26Pazdziernika2022.mp4\">https:\/\/tybet.hfhr.org.pl\/wp-content\/uploads\/2022\/10\/Lhasa-Demonstracja-RestryckcjeCOVID-26Pazdziernika2022.mp4<\/a><\/video><\/div>\n<p>Wed\u0142ug lokalnych \u017ar\u00f3de\u0142 Radia Wolna Azja (<a href=\"https:\/\/www.rfa.org\/\" target=\"_blank\" rel=\"noopener noreferrer\">RFA<\/a>) demonstranci ostrzegali urz\u0119dnik\u00f3w, \u017ce je\u015bli nie znios\u0105 restrykcji \u2013 co <a href=\"https:\/\/tybet.hfhr.org.pl\/?p=13262\" target=\"_blank\" rel=\"noopener noreferrer\">zd\u0105\u017cy\u0142y og\u0142osi\u0107<\/a> rz\u0105dowe media po zako\u0144czeniu zjazdu Komunistycznej Partii Chin w Pekinie \u2013 w Tybecie \u201ezap\u0142onie ogie\u0144\u201d, co mo\u017ce by\u0107 aluzj\u0105 do <a href=\"https:\/\/tybet.hfhr.org.pl\/?tag=samospalenia\" target=\"_blank\" rel=\"noopener noreferrer\">fali samospale\u0144<\/a> przeciwko chi\u0144skim rz\u0105dom.<\/p>\n<p>W\u0142adze chi\u0144skie zarz\u0105dzi\u0142y lockdown w Lhasie w pierwszych dniach sierpnia \u2013 Tybeta\u0144czycy niemal od pocz\u0105tku <a href=\"https:\/\/tybet.hfhr.org.pl\/?p=13116\" target=\"_blank\" rel=\"noopener noreferrer\">skar\u017cyli si\u0119<\/a> na <a href=\"https:\/\/tybet.hfhr.org.pl\/?p=13144\" target=\"_blank\" rel=\"noopener noreferrer\">nieudolno\u015b\u0107 urz\u0119dnik\u00f3w<\/a>, ewidentnie fa\u0142szywe wyniki test\u00f3w, izolowanie zdrowych i zara\u017conymi, brak \u017cywno\u015bci itd. Policja odpowiedzia\u0142a masowymi <a href=\"https:\/\/tybet.hfhr.org.pl\/?p=13128\" target=\"_blank\" rel=\"noopener noreferrer\">zatrzymaniami<\/a> \u2013 cho\u0107 w\u0142adze lokalne formalnie przeprosi\u0142y za \u201eniedogodno\u015bci\u201d.<\/p>\n","protected":false},"excerpt":{"rendered":"<p>Niezale\u017cne \u017ar\u00f3d\u0142a informuj\u0105 o co najmniej dw\u00f3ch masowych protestach przeciwko \u2013 rzekomo zniesionym po zako\u0144czeniu partyjnego zjazdu \u2013 ponaddwumiesi\u0119cznym restrykcjom polityki \u201ezero COVID\u201d w Lhasie. To pierwsze uliczne demonstracje w stolicy Tybetu od krwawo st\u0142umionych wyst\u0105pie\u0144 w 2008 roku.<\/p>\n","protected":false},"author":1,"featured_media":0,"comment_status":"closed","ping_status":"closed","sticky":false,"template":"","format":"standard","meta":{"footnotes":""},"categories":[2,17],"tags":[20],"class_list":["post-13284","post","type-post","status-publish","format-standard","hentry","category-aktualnosci","category-hfpc","tag-protesty-spoleczne"],"_links":{"self":[{"href":"https:\/\/tybet.hfhr.org.pl\/index.php?rest_route=\/wp\/v2\/posts\/13284","targetHints":{"allow":["GET"]}}],"collection":[{"href":"https:\/\/tybet.hfhr.org.pl\/index.php?rest_route=\/wp\/v2\/posts"}],"about":[{"href":"https:\/\/tybet.hfhr.org.pl\/index.php?rest_route=\/wp\/v2\/types\/post"}],"author":[{"embeddable":true,"href":"https:\/\/tybet.hfhr.org.pl\/index.php?rest_route=\/wp\/v2\/users\/1"}],"replies":[{"embeddable":true,"href":"https:\/\/tybet.hfhr.org.pl\/index.php?rest_route=%2Fwp%2Fv2%2Fcomments&post=13284"}],"version-history":[{"count":3,"href":"https:\/\/tybet.hfhr.org.pl\/index.php?rest_route=\/wp\/v2\/posts\/13284\/revisions"}],"predecessor-version":[{"id":13299,"href":"https:\/\/tybet.hfhr.org.pl\/index.php?rest_route=\/wp\/v2\/posts\/13284\/revisions\/13299"}],"wp:attachment":[{"href":"https:\/\/tybet.hfhr.org.pl\/index.php?rest_route=%2Fwp%2Fv2%2Fmedia&parent=13284"}],"wp:term":[{"taxonomy":"category","embeddable":true,"href":"https:\/\/tybet.hfhr.org.pl\/index.php?rest_route=%2Fwp%2Fv2%2Fcategories&post=13284"},{"taxonomy":"post_tag","embeddable":true,"href":"https:\/\/tybet.hfhr.org.pl\/index.php?rest_route=%2Fwp%2Fv2%2Ftags&post=13284"}],"curies":[{"name":"wp","href":"https:\/\/api.w.org\/{rel}","templated":true}]}}