{"id":1331,"date":"2015-05-09T08:46:40","date_gmt":"2015-05-09T06:46:40","guid":{"rendered":"http:\/\/www.hfhrpol.waw.pl\/tybet\/?p=1331"},"modified":"2015-05-10T08:03:04","modified_gmt":"2015-05-10T06:03:04","slug":"wyburzanie-nielegalnej-osady-w-mangrze","status":"publish","type":"post","link":"https:\/\/tybet.hfhr.org.pl\/?p=1331","title":{"rendered":"Wyburzanie \u201enielegalnej\u201d osady w Mangrze"},"content":{"rendered":"<p>Wed\u0142ug tybeta\u0144skich \u017ar\u00f3de\u0142 pi\u0105tego maja policja \u201enajecha\u0142a\u201d wiosk\u0119 Benszul w okr\u0119gu Mangra (chi\u0144. Guinan) prefektury Colho (chi\u0144. Hainan), w prowincji Qinghai i zacz\u0119\u0142a wyburza\u0107 \u201enielegalne\u201d domy.<\/p>\n<p><a href=\"http:\/\/www.hfhrpol.waw.pl\/tybet\/wp-content\/uploads\/2015\/05\/WyburzanieNielegalnejOsady-BeznszulMandra-5Maja2015.jpg\"><img loading=\"lazy\" decoding=\"async\" class=\"alignnone size-medium wp-image-1332\" src=\"http:\/\/www.hfhrpol.waw.pl\/tybet\/wp-content\/uploads\/2015\/05\/WyburzanieNielegalnejOsady-BeznszulMandra-5Maja2015-300x230.jpg\" alt=\"WyburzanieNielegalnejOsady-BeznszulMandra-5Maja2015\" width=\"300\" height=\"230\" srcset=\"https:\/\/tybet.hfhr.org.pl\/wp-content\/uploads\/2015\/05\/WyburzanieNielegalnejOsady-BeznszulMandra-5Maja2015-300x230.jpg 300w, https:\/\/tybet.hfhr.org.pl\/wp-content\/uploads\/2015\/05\/WyburzanieNielegalnejOsady-BeznszulMandra-5Maja2015.jpg 620w\" sizes=\"auto, (max-width: 300px) 100vw, 300px\" \/><\/a><\/p>\n<p><!--more--><\/p>\n<p>W akcji, kt\u00f3ra ma trwa\u0107 tydzie\u0144, uczestnicz\u0105 tak\u017ce \u201eesbecy i so\u0142tysi kilkunastu okolicznych wiosek\u201d.<\/p>\n<p>Domy wzniesione bez wymaganych zezwole\u0144 przez tybeta\u0144skich koczownik\u00f3w zniszczono tam ju\u017c przed dwoma laty, ale mieszka\u0144cy postanowili je odbudowa\u0107. \u201eTeraz ich praca i pieni\u0105dze zn\u00f3w posz\u0142y na marne \u2013 m\u00f3wi informator Radia Wolna Azja (<a href=\"http:\/\/www.rfa.org\" target=\"_blank\">RFA<\/a>). \u2013 Ludzie rozpaczaj\u0105, ale w\u0142adze (w takich sytuacjach cz\u0119sto b\u0119d\u0105ce w zmowie z deweloperami) s\u0105 g\u0142uche na ich protesty\u201d.<\/p>\n","protected":false},"excerpt":{"rendered":"<p>Wed\u0142ug tybeta\u0144skich \u017ar\u00f3de\u0142 pi\u0105tego maja policja \u201enajecha\u0142a\u201d wiosk\u0119 Benszul w okr\u0119gu Mangra (chi\u0144. Guinan) prefektury Colho (chi\u0144. Hainan), w prowincji Qinghai i zacz\u0119\u0142a wyburza\u0107 \u201enielegalne\u201d domy.<\/p>\n","protected":false},"author":1,"featured_media":0,"comment_status":"closed","ping_status":"closed","sticky":false,"template":"","format":"standard","meta":{"footnotes":""},"categories":[2,17],"tags":[31,20],"class_list":["post-1331","post","type-post","status-publish","format-standard","hentry","category-aktualnosci","category-hfpc","tag-marginalizacja","tag-protesty-spoleczne"],"_links":{"self":[{"href":"https:\/\/tybet.hfhr.org.pl\/index.php?rest_route=\/wp\/v2\/posts\/1331","targetHints":{"allow":["GET"]}}],"collection":[{"href":"https:\/\/tybet.hfhr.org.pl\/index.php?rest_route=\/wp\/v2\/posts"}],"about":[{"href":"https:\/\/tybet.hfhr.org.pl\/index.php?rest_route=\/wp\/v2\/types\/post"}],"author":[{"embeddable":true,"href":"https:\/\/tybet.hfhr.org.pl\/index.php?rest_route=\/wp\/v2\/users\/1"}],"replies":[{"embeddable":true,"href":"https:\/\/tybet.hfhr.org.pl\/index.php?rest_route=%2Fwp%2Fv2%2Fcomments&post=1331"}],"version-history":[{"count":2,"href":"https:\/\/tybet.hfhr.org.pl\/index.php?rest_route=\/wp\/v2\/posts\/1331\/revisions"}],"predecessor-version":[{"id":1334,"href":"https:\/\/tybet.hfhr.org.pl\/index.php?rest_route=\/wp\/v2\/posts\/1331\/revisions\/1334"}],"wp:attachment":[{"href":"https:\/\/tybet.hfhr.org.pl\/index.php?rest_route=%2Fwp%2Fv2%2Fmedia&parent=1331"}],"wp:term":[{"taxonomy":"category","embeddable":true,"href":"https:\/\/tybet.hfhr.org.pl\/index.php?rest_route=%2Fwp%2Fv2%2Fcategories&post=1331"},{"taxonomy":"post_tag","embeddable":true,"href":"https:\/\/tybet.hfhr.org.pl\/index.php?rest_route=%2Fwp%2Fv2%2Ftags&post=1331"}],"curies":[{"name":"wp","href":"https:\/\/api.w.org\/{rel}","templated":true}]}}