{"id":13408,"date":"2022-12-15T06:21:08","date_gmt":"2022-12-15T05:21:08","guid":{"rendered":"https:\/\/tybet.hfhr.org.pl\/?p=13408"},"modified":"2026-02-23T10:17:44","modified_gmt":"2026-02-23T09:17:44","slug":"mniszki-z-wiezienia-drapczi-grad-i-mroz-nie-rozdziela-naszych-splecionych-rak","status":"publish","type":"post","link":"https:\/\/tybet.hfhr.org.pl\/?p=13408","title":{"rendered":"Mniszki z wi\u0119zienia Drapczi: Grad i mr\u00f3z nie rozdziel\u0105 naszych splecionych d\u0142oni"},"content":{"rendered":"\n<p>Cho\u0107 Indie s\u0105 ziemi\u0105 \u015bwi\u0119t\u0105<\/p>\n<p>Nie tam si\u0119 urodzi\u0142<\/p>\n<p><!--more--><\/p>\n<p>W Lhasie, mie\u015bcie klejnot\u00f3w<\/p>\n<p>Rozkwitaj\u0105 tysi\u0105ce kwiat\u00f3w<\/p>\n<p>Ni grad, ni burza, ni mr\u00f3z<\/p>\n<p>Nie rozdziel\u0105 naszych splecionych d\u0142oni<\/p>\n<p>Tybeta\u0144czycy, bracia i siostry<\/p>\n<p>Z\u0142\u00f3\u017ccie w ofierze dym wonnego ja\u0142owca<\/p>\n<p>Ocean wszechwiedzy<\/p>\n<p>Wraca do kraju narodzin<\/p>\n<p>Chwytajcie jedwabne khataki<\/p>\n<p>Biegnijmy go powita\u0107<\/p>\n<p>\u00a0<\/p>\n<p>\u00a0<\/p>\n<p><em>W czerwcu 1992 roku czterna\u015bcie mniszek, kt\u00f3re odbywa\u0142y kary za udzia\u0142 w symbolicznych protestach, <a href=\"https:\/\/tybet.hfhr.org.pl\/?p=4128\" target=\"_blank\" rel=\"noopener\">nagra\u0142o pie\u015bni<\/a> \u2013 dopisuj\u0105c <a href=\"https:\/\/tybet.hfhr.org.pl\/?s=Mniszki+z+wi%C4%99zienia+Drapczi\" target=\"_blank\" rel=\"noopener\">tybeta\u0144skie s\u0142owa<\/a> do popularnych chi\u0144skich melodii \u2013 na magnetofonie przemyconym dla nich do os\u0142awionego <a href=\"http:\/\/old.tybet.hfhr.org.pl\/raport.php?raport_id=324\" target=\"_blank\" rel=\"noopener\">wi\u0119zienia Drapczi<\/a>. Kiedy o kasecie, kt\u00f3r\u0105 uda\u0142o si\u0119 wynie\u015b\u0107 za mury, dowiedzia\u0142y si\u0119 w\u0142adze chi\u0144skie, do pierwotnych wyrok\u00f3w \u2013 od trzech do dziewi\u0119ciu lat pozbawienia wolno\u015bci \u2013 do\u0142o\u017cono nowe: od pi\u0119ciu do dziewi\u0119ciu lat<\/em>.<\/p>\n","protected":false},"excerpt":{"rendered":"<p>Cho\u0107 Indie s\u0105 ziemi\u0105 \u015bwi\u0119t\u0105 Nie tam si\u0119 urodzi\u0142<\/p>\n","protected":false},"author":1,"featured_media":13410,"comment_status":"closed","ping_status":"closed","sticky":false,"template":"","format":"standard","meta":{"footnotes":""},"categories":[4,7],"tags":[49,19,48,22],"class_list":["post-13408","post","type-post","status-publish","format-standard","has-post-thumbnail","hentry","category-teksty","category-z-perspektywy-tybetanczykow","tag-dalajlama","tag-protesty-polityczne","tag-tortury","tag-wyroki"],"_links":{"self":[{"href":"https:\/\/tybet.hfhr.org.pl\/index.php?rest_route=\/wp\/v2\/posts\/13408","targetHints":{"allow":["GET"]}}],"collection":[{"href":"https:\/\/tybet.hfhr.org.pl\/index.php?rest_route=\/wp\/v2\/posts"}],"about":[{"href":"https:\/\/tybet.hfhr.org.pl\/index.php?rest_route=\/wp\/v2\/types\/post"}],"author":[{"embeddable":true,"href":"https:\/\/tybet.hfhr.org.pl\/index.php?rest_route=\/wp\/v2\/users\/1"}],"replies":[{"embeddable":true,"href":"https:\/\/tybet.hfhr.org.pl\/index.php?rest_route=%2Fwp%2Fv2%2Fcomments&post=13408"}],"version-history":[{"count":4,"href":"https:\/\/tybet.hfhr.org.pl\/index.php?rest_route=\/wp\/v2\/posts\/13408\/revisions"}],"predecessor-version":[{"id":17003,"href":"https:\/\/tybet.hfhr.org.pl\/index.php?rest_route=\/wp\/v2\/posts\/13408\/revisions\/17003"}],"wp:featuredmedia":[{"embeddable":true,"href":"https:\/\/tybet.hfhr.org.pl\/index.php?rest_route=\/wp\/v2\/media\/13410"}],"wp:attachment":[{"href":"https:\/\/tybet.hfhr.org.pl\/index.php?rest_route=%2Fwp%2Fv2%2Fmedia&parent=13408"}],"wp:term":[{"taxonomy":"category","embeddable":true,"href":"https:\/\/tybet.hfhr.org.pl\/index.php?rest_route=%2Fwp%2Fv2%2Fcategories&post=13408"},{"taxonomy":"post_tag","embeddable":true,"href":"https:\/\/tybet.hfhr.org.pl\/index.php?rest_route=%2Fwp%2Fv2%2Ftags&post=13408"}],"curies":[{"name":"wp","href":"https:\/\/api.w.org\/{rel}","templated":true}]}}