{"id":13632,"date":"2023-02-27T06:29:48","date_gmt":"2023-02-27T05:29:48","guid":{"rendered":"https:\/\/tybet.hfhr.org.pl\/?p=13632"},"modified":"2023-02-25T08:28:21","modified_gmt":"2023-02-25T07:28:21","slug":"chiny-wykluczaja-rozmowy-o-tybecie","status":"publish","type":"post","link":"https:\/\/tybet.hfhr.org.pl\/?p=13632","title":{"rendered":"Chiny \u201ewykluczaj\u0105\u201d rozmowy o Tybecie"},"content":{"rendered":"\n<p class=\"western\">Chiny powiadomi\u0142y europejskich dyplomat\u00f3w, \u017ce kwestia Tybetu nie nale\u017cy do kategorii \u201epraw cz\u0142owieka\u201d i nie powinna by\u0107 podnoszona podczas rozm\u00f3w dwustronnych.<\/p>\n<p><a href=\"https:\/\/tybet.hfhr.org.pl\/wp-content\/uploads\/2023\/02\/LPZ-MnisiWyprowadzani-TabliceSeparatyzm-Ngaba2008.jpg\"><img loading=\"lazy\" decoding=\"async\" class=\"alignnone size-medium wp-image-13633\" src=\"https:\/\/tybet.hfhr.org.pl\/wp-content\/uploads\/2023\/02\/LPZ-MnisiWyprowadzani-TabliceSeparatyzm-Ngaba2008-300x225.jpg\" alt=\"\" width=\"300\" height=\"225\" srcset=\"https:\/\/tybet.hfhr.org.pl\/wp-content\/uploads\/2023\/02\/LPZ-MnisiWyprowadzani-TabliceSeparatyzm-Ngaba2008-300x225.jpg 300w, https:\/\/tybet.hfhr.org.pl\/wp-content\/uploads\/2023\/02\/LPZ-MnisiWyprowadzani-TabliceSeparatyzm-Ngaba2008-768x576.jpg 768w, https:\/\/tybet.hfhr.org.pl\/wp-content\/uploads\/2023\/02\/LPZ-MnisiWyprowadzani-TabliceSeparatyzm-Ngaba2008-1024x768.jpg 1024w, https:\/\/tybet.hfhr.org.pl\/wp-content\/uploads\/2023\/02\/LPZ-MnisiWyprowadzani-TabliceSeparatyzm-Ngaba2008.jpg 2048w\" sizes=\"auto, (max-width: 300px) 100vw, 300px\" \/><\/a><\/p>\n<p><!--more--><\/p>\n<p class=\"western\">Wbrew organizacjom praw cz\u0142owieka, kt\u00f3re uwa\u017caj\u0105 gabinetowe rozmowy z Chinami za mechanizm u\u0142atwiaj\u0105cy Pekinowi unikanie publicznej krytyki za \u0142amanie mi\u0119dzynarodowych zobowi\u0105za\u0144, po czteroletniej przerwie 17 lutego Unia Europejska zorganizowa\u0142a w Brukseli 38. sesj\u0119 formalnego \u201edialogu\u201d o prawach cz\u0142owieka.<\/p>\n<p class=\"western\">Podczas gdy europejscy dyplomaci m\u00f3wili dziennikarzom o \u201eporuszaniu szeregu spraw og\u00f3lnych i szczeg\u00f3\u0142owych\u201d, rz\u0105dowe media chi\u0144skie opublikowa\u0142y o\u015bwiadczenie Suna Lei, szefa delegacji i dyrektora do spraw organizacji i konferencji mi\u0119dzynarodowych w ministerstwie spraw zagranicznych, wedle kt\u00f3rego \u201ekwestie dotycz\u0105ce Xinjiangu [Turkiestan Wschodni], Xizangu [Tybet] i Hongkongu nie nale\u017c\u0105 do kategorii \u00bbpraw cz\u0142owieka\u00ab, tylko pryncypi\u00f3w suwerenno\u015bci, niepodleg\u0142o\u015bci i terytorialnej integralno\u015bci pa\u0144stwa, co wyklucza jak\u0105kolwiek ingerencj\u0119 zewn\u0119trzn\u0105\u201d.<\/p>\n<p class=\"western\">Pekin \u201epoprosi\u0142\u201d te\u017c Uni\u0119 Europejsk\u0105 o \u201euwa\u017cane ws\u0142uchanie si\u0119 w stanowisko Chin oraz wa\u017cenie s\u0142\u00f3w i czyn\u00f3w, gdy w gr\u0119 wchodz\u0105 ich \u017cywotne interesy\u201d.<\/p>\n<p class=\"western\">\u201eDialog\u201d toczy si\u0119 od 1997 roku. W 2019 roku zosta\u0142 zawieszony po na\u0142o\u017ceniu europejskich sankcji na chi\u0144skich aparatczyk\u00f3w, odpowiedzialnych za prze\u015bladowania Ujgur\u00f3w \u2013 okre\u015blone mianem \u201eludob\u00f3jstwa\u201d \u2013 w kwietni 2019 roku. Organizacje praw cz\u0142owieka wzywa\u0142y do niewznawiania rozm\u00f3w, poniewa\u017c od tego czasu sytuacja w Chinach nie tylko nie uleg\u0142a poprawie, ale wci\u0105\u017c si\u0119 pogarsza.<\/p>\n","protected":false},"excerpt":{"rendered":"<p>Chiny powiadomi\u0142y europejskich dyplomat\u00f3w, \u017ce kwestia Tybetu nie nale\u017cy do kategorii \u201epraw cz\u0142owieka\u201d i nie powinna by\u0107 podnoszona podczas rozm\u00f3w dwustronnych.<\/p>\n","protected":false},"author":1,"featured_media":0,"comment_status":"closed","ping_status":"closed","sticky":false,"template":"","format":"standard","meta":{"footnotes":""},"categories":[2,17],"tags":[26,58],"class_list":["post-13632","post","type-post","status-publish","format-standard","hentry","category-aktualnosci","category-hfpc","tag-polityka","tag-swiat"],"_links":{"self":[{"href":"https:\/\/tybet.hfhr.org.pl\/index.php?rest_route=\/wp\/v2\/posts\/13632","targetHints":{"allow":["GET"]}}],"collection":[{"href":"https:\/\/tybet.hfhr.org.pl\/index.php?rest_route=\/wp\/v2\/posts"}],"about":[{"href":"https:\/\/tybet.hfhr.org.pl\/index.php?rest_route=\/wp\/v2\/types\/post"}],"author":[{"embeddable":true,"href":"https:\/\/tybet.hfhr.org.pl\/index.php?rest_route=\/wp\/v2\/users\/1"}],"replies":[{"embeddable":true,"href":"https:\/\/tybet.hfhr.org.pl\/index.php?rest_route=%2Fwp%2Fv2%2Fcomments&post=13632"}],"version-history":[{"count":1,"href":"https:\/\/tybet.hfhr.org.pl\/index.php?rest_route=\/wp\/v2\/posts\/13632\/revisions"}],"predecessor-version":[{"id":13634,"href":"https:\/\/tybet.hfhr.org.pl\/index.php?rest_route=\/wp\/v2\/posts\/13632\/revisions\/13634"}],"wp:attachment":[{"href":"https:\/\/tybet.hfhr.org.pl\/index.php?rest_route=%2Fwp%2Fv2%2Fmedia&parent=13632"}],"wp:term":[{"taxonomy":"category","embeddable":true,"href":"https:\/\/tybet.hfhr.org.pl\/index.php?rest_route=%2Fwp%2Fv2%2Fcategories&post=13632"},{"taxonomy":"post_tag","embeddable":true,"href":"https:\/\/tybet.hfhr.org.pl\/index.php?rest_route=%2Fwp%2Fv2%2Ftags&post=13632"}],"curies":[{"name":"wp","href":"https:\/\/api.w.org\/{rel}","templated":true}]}}