{"id":1366,"date":"2015-05-19T07:05:33","date_gmt":"2015-05-19T05:05:33","guid":{"rendered":"http:\/\/www.hfhrpol.waw.pl\/tybet\/?p=1366"},"modified":"2018-03-12T13:01:49","modified_gmt":"2018-03-12T12:01:49","slug":"potajemne-zwolnienie-uroczyste-powitanie-wieznia-w-kardze","status":"publish","type":"post","link":"https:\/\/tybet.hfhr.org.pl\/?p=1366","title":{"rendered":"Potajemne zwolnienie, uroczyste powitanie wi\u0119\u017ania w Kardze"},"content":{"rendered":"<p>Palden Thinle, mnich z Kardze (chi\u0144. Ganzi) w prowincji Sichuan, zosta\u0142 17 maja zwolniony z wi\u0119zienia i odeskortowany w rodzinne strony przez funkcjonariuszy policji.<\/p>\n<p><a href=\"http:\/\/www.hfhrpol.waw.pl\/tybet\/wp-content\/uploads\/2015\/05\/PaldenThinle-Kardze-7LatWiezienia2008-Zwolniony17Maja2015.jpg\"><img loading=\"lazy\" decoding=\"async\" class=\"alignnone size-medium wp-image-1367\" src=\"http:\/\/www.hfhrpol.waw.pl\/tybet\/wp-content\/uploads\/2015\/05\/PaldenThinle-Kardze-7LatWiezienia2008-Zwolniony17Maja2015-300x216.jpg\" alt=\"PaldenThinle-Kardze-7LatWiezienia2008-Zwolniony17Maja2015\" width=\"300\" height=\"216\" srcset=\"https:\/\/tybet.hfhr.org.pl\/wp-content\/uploads\/2015\/05\/PaldenThinle-Kardze-7LatWiezienia2008-Zwolniony17Maja2015-300x216.jpg 300w, https:\/\/tybet.hfhr.org.pl\/wp-content\/uploads\/2015\/05\/PaldenThinle-Kardze-7LatWiezienia2008-Zwolniony17Maja2015.jpg 620w\" sizes=\"auto, (max-width: 300px) 100vw, 300px\" \/><\/a><\/p>\n<p><!--more--><\/p>\n<p>Dwudziestosze\u015bcioletni duchowny odby\u0142 pe\u0142n\u0105 kar\u0119 siedmiu lat pozbawienia wolno\u015bci za udzia\u0142 w antychi\u0144skich <a href=\"http:\/\/tybet.hfhr.org.pl\/?p=6039\" target=\"_blank\" rel=\"noopener\">protestach<\/a> w 2008 roku.<\/p>\n<p>Wed\u0142ug lokalnych \u017ar\u00f3de\u0142 do domu przywieziono go przed \u015bwitem, \u017ceby zapobiec uroczystemu powitaniu przez ziomk\u00f3w, \u201eale ludzie czekali przez ca\u0142\u0105 noc i przyj\u0119li go jak bohatera\u201d. W zesz\u0142ym roku bliscy alarmowali, \u017ce straci\u0142 w wi\u0119zieniu zdrowie.<\/p>\n","protected":false},"excerpt":{"rendered":"<p>Palden Thinle, mnich z Kardze (chi\u0144. Ganzi) w prowincji Sichuan, zosta\u0142 17 maja zwolniony z wi\u0119zienia i odeskortowany w rodzinne strony przez funkcjonariuszy policji.<\/p>\n","protected":false},"author":1,"featured_media":0,"comment_status":"closed","ping_status":"closed","sticky":false,"template":"","format":"standard","meta":{"footnotes":""},"categories":[2,17],"tags":[19,22],"class_list":["post-1366","post","type-post","status-publish","format-standard","hentry","category-aktualnosci","category-hfpc","tag-protesty-polityczne","tag-wyroki"],"_links":{"self":[{"href":"https:\/\/tybet.hfhr.org.pl\/index.php?rest_route=\/wp\/v2\/posts\/1366","targetHints":{"allow":["GET"]}}],"collection":[{"href":"https:\/\/tybet.hfhr.org.pl\/index.php?rest_route=\/wp\/v2\/posts"}],"about":[{"href":"https:\/\/tybet.hfhr.org.pl\/index.php?rest_route=\/wp\/v2\/types\/post"}],"author":[{"embeddable":true,"href":"https:\/\/tybet.hfhr.org.pl\/index.php?rest_route=\/wp\/v2\/users\/1"}],"replies":[{"embeddable":true,"href":"https:\/\/tybet.hfhr.org.pl\/index.php?rest_route=%2Fwp%2Fv2%2Fcomments&post=1366"}],"version-history":[{"count":2,"href":"https:\/\/tybet.hfhr.org.pl\/index.php?rest_route=\/wp\/v2\/posts\/1366\/revisions"}],"predecessor-version":[{"id":6084,"href":"https:\/\/tybet.hfhr.org.pl\/index.php?rest_route=\/wp\/v2\/posts\/1366\/revisions\/6084"}],"wp:attachment":[{"href":"https:\/\/tybet.hfhr.org.pl\/index.php?rest_route=%2Fwp%2Fv2%2Fmedia&parent=1366"}],"wp:term":[{"taxonomy":"category","embeddable":true,"href":"https:\/\/tybet.hfhr.org.pl\/index.php?rest_route=%2Fwp%2Fv2%2Fcategories&post=1366"},{"taxonomy":"post_tag","embeddable":true,"href":"https:\/\/tybet.hfhr.org.pl\/index.php?rest_route=%2Fwp%2Fv2%2Ftags&post=1366"}],"curies":[{"name":"wp","href":"https:\/\/api.w.org\/{rel}","templated":true}]}}