{"id":14174,"date":"2023-08-28T06:29:17","date_gmt":"2023-08-28T04:29:17","guid":{"rendered":"https:\/\/tybet.hfhr.org.pl\/?p=14174"},"modified":"2023-08-25T11:17:16","modified_gmt":"2023-08-25T09:17:16","slug":"pobicie-tasziego-langczuka-w-darlagu","status":"publish","type":"post","link":"https:\/\/tybet.hfhr.org.pl\/?p=14174","title":{"rendered":"Pobicie Tasziego \u0141angczuka w Darlagu"},"content":{"rendered":"\n<p>Taszi \u0141angczuk \u2013 biznesmen i spo\u0142ecznik z Juszu (chi\u0144. Yushu) w prowincji Qinghai, monituj\u0105cy w\u0142adze wszystkich szczebli o zapewnienie \u201ekonstytucyjnego\u201d miejsca j\u0119zykowi tybeta\u0144skiemu w systemie o\u015bwiaty i <a href=\"https:\/\/tybet.hfhr.org.pl\/?p=6554\" target=\"_blank\" rel=\"noopener noreferrer\">skazany<\/a> na pi\u0119\u0107 lat pozbawienia wolno\u015bci za rozmawianie o tym z zagranicznym dziennikarzem \u2013 zosta\u0142 pobity przez \u201enieznanych sprawc\u00f3w\u201d w Darlagu (chi\u0144. Dari), w prefekturze Golog (chi\u0144. Guoluo).<\/p>\n<p><a href=\"https:\/\/tybet.hfhr.org.pl\/wp-content\/uploads\/2023\/08\/TasziLangczuk-Darlag-SzkolaSrednia-19Wrzesnia2023-TikTok.jpg\"><img loading=\"lazy\" decoding=\"async\" class=\"alignnone size-medium wp-image-14171\" src=\"https:\/\/tybet.hfhr.org.pl\/wp-content\/uploads\/2023\/08\/TasziLangczuk-Darlag-SzkolaSrednia-19Wrzesnia2023-TikTok-174x300.jpg\" alt=\"\" width=\"174\" height=\"300\" srcset=\"https:\/\/tybet.hfhr.org.pl\/wp-content\/uploads\/2023\/08\/TasziLangczuk-Darlag-SzkolaSrednia-19Wrzesnia2023-TikTok-174x300.jpg 174w, https:\/\/tybet.hfhr.org.pl\/wp-content\/uploads\/2023\/08\/TasziLangczuk-Darlag-SzkolaSrednia-19Wrzesnia2023-TikTok.jpg 371w\" sizes=\"auto, (max-width: 174px) 100vw, 174px\" \/><\/a><\/p>\n<p><!--more--><\/p>\n<p>Relacj\u0119 Tasziego \u0141angczuka \u2013 kt\u00f3ry <a href=\"https:\/\/tybet.hfhr.org.pl\/?p=12328\" target=\"_blank\" rel=\"noopener noreferrer\">nie poniecha\u0142<\/a> swojej \u201ekonstytucyjnej\u201d dzia\u0142alno\u015bci mimo urz\u0119dniczych <a href=\"https:\/\/tybet.hfhr.org.pl\/?p=10931\" target=\"_blank\" rel=\"noopener noreferrer\">szykan<\/a> \u2013 opublikowa\u0142a chi\u0144ska organizacja praw cz\u0142owieka.<\/p>\n<p>Taszi \u0141angczuk, kt\u00f3ry nadal pr\u00f3buje \u201emonitorowa\u0107\u201d sytuacj\u0119 w szko\u0142ach \u201emniejszo\u015bci\u201d, 19 sierpnia zosta\u0142 pobity w hotelowym pokoju, usuni\u0119ty z noclegowni i wyproszony ze szpitala, w kt\u00f3rym chcia\u0142 zrobi\u0107 obdukcj\u0119. Na komisariacie, w kt\u00f3rym pr\u00f3bowa\u0142 z\u0142o\u017cy\u0107 zawiadomienie o przest\u0119pstwie, kazano mu usun\u0105\u0107 z telefonu zdj\u0119cia, jakie zrobi\u0142 w lokalnej szkole. Nast\u0119pnego dnia <a href=\"https:\/\/tybet.hfhr.org.pl\/?p=14170\" target=\"_blank\" rel=\"noopener noreferrer\">spisa\u0142<\/a> i upubliczni\u0142 relacj\u0119 z \u201ezaj\u015bcia\u201d oraz opublikowa\u0142 wideo w mediach spo\u0142eczno\u015bciowych.<\/p>\n<p>Teoretycznie wolny od zwolnienia 28 stycznia 2021 roku, Taszi \u0141angczuk wci\u0105\u017c pozbawiony jest \u201epraw politycznych\u201d, kt\u00f3re wyrokiem s\u0105du ludowego odebrano mu na pi\u0119\u0107 lat.<\/p>\n","protected":false},"excerpt":{"rendered":"<p>Taszi \u0141angczuk \u2013 biznesmen i spo\u0142ecznik z Juszu (chi\u0144. Yushu) w prowincji Qinghai, monituj\u0105cy w\u0142adze wszystkich szczebli o zapewnienie \u201ekonstytucyjnego\u201d miejsca j\u0119zykowi tybeta\u0144skiemu w systemie o\u015bwiaty i skazany na pi\u0119\u0107 lat pozbawienia wolno\u015bci za rozmawianie o tym z zagranicznym dziennikarzem \u2013 zosta\u0142 pobity przez \u201enieznanych sprawc\u00f3w\u201d w Darlagu (chi\u0144. Dari), w prefekturze Golog (chi\u0144. Guoluo).<\/p>\n","protected":false},"author":1,"featured_media":0,"comment_status":"closed","ping_status":"closed","sticky":false,"template":"","format":"standard","meta":{"footnotes":""},"categories":[2,17],"tags":[44,26,48],"class_list":["post-14174","post","type-post","status-publish","format-standard","hentry","category-aktualnosci","category-hfpc","tag-jezyk","tag-polityka","tag-tortury"],"_links":{"self":[{"href":"https:\/\/tybet.hfhr.org.pl\/index.php?rest_route=\/wp\/v2\/posts\/14174","targetHints":{"allow":["GET"]}}],"collection":[{"href":"https:\/\/tybet.hfhr.org.pl\/index.php?rest_route=\/wp\/v2\/posts"}],"about":[{"href":"https:\/\/tybet.hfhr.org.pl\/index.php?rest_route=\/wp\/v2\/types\/post"}],"author":[{"embeddable":true,"href":"https:\/\/tybet.hfhr.org.pl\/index.php?rest_route=\/wp\/v2\/users\/1"}],"replies":[{"embeddable":true,"href":"https:\/\/tybet.hfhr.org.pl\/index.php?rest_route=%2Fwp%2Fv2%2Fcomments&post=14174"}],"version-history":[{"count":4,"href":"https:\/\/tybet.hfhr.org.pl\/index.php?rest_route=\/wp\/v2\/posts\/14174\/revisions"}],"predecessor-version":[{"id":14179,"href":"https:\/\/tybet.hfhr.org.pl\/index.php?rest_route=\/wp\/v2\/posts\/14174\/revisions\/14179"}],"wp:attachment":[{"href":"https:\/\/tybet.hfhr.org.pl\/index.php?rest_route=%2Fwp%2Fv2%2Fmedia&parent=14174"}],"wp:term":[{"taxonomy":"category","embeddable":true,"href":"https:\/\/tybet.hfhr.org.pl\/index.php?rest_route=%2Fwp%2Fv2%2Fcategories&post=14174"},{"taxonomy":"post_tag","embeddable":true,"href":"https:\/\/tybet.hfhr.org.pl\/index.php?rest_route=%2Fwp%2Fv2%2Ftags&post=14174"}],"curies":[{"name":"wp","href":"https:\/\/api.w.org\/{rel}","templated":true}]}}