{"id":14198,"date":"2023-09-07T06:29:26","date_gmt":"2023-09-07T04:29:26","guid":{"rendered":"https:\/\/tybet.hfhr.org.pl\/?p=14198"},"modified":"2023-09-04T08:54:44","modified_gmt":"2023-09-04T06:54:44","slug":"pekin-deeskaluje-i-eskaluje-napiecia-z-indiami","status":"publish","type":"post","link":"https:\/\/tybet.hfhr.org.pl\/?p=14198","title":{"rendered":"Pekin \u201edeeskaluje\u201d i \u201eeskaluje\u201d napi\u0119cia z Indiami"},"content":{"rendered":"\n<p>Zapowiedziawszy \u201ezintensyfikowanie wysi\u0142k\u00f3w na rzecz \u0142agodzenia napi\u0119\u0107\u201d na granicy z Indiami, Chiny opublikowa\u0142y \u201estandardow\u0105 map\u0119\u201d, na kt\u00f3rej przyzna\u0142y sobie ca\u0142y indyjski stan Aruna\u0107al Prade\u015b i cz\u0119\u015b\u0107 Ladakhu.<\/p>\n<p><a href=\"https:\/\/tybet.hfhr.org.pl\/wp-content\/uploads\/2023\/09\/Xi-Modi-Johanesburg-25Sierpnia2023-FotAP.jpg\"><img loading=\"lazy\" decoding=\"async\" class=\"alignnone size-medium wp-image-14199\" src=\"https:\/\/tybet.hfhr.org.pl\/wp-content\/uploads\/2023\/09\/Xi-Modi-Johanesburg-25Sierpnia2023-FotAP-300x169.jpg\" alt=\"\" width=\"300\" height=\"169\" srcset=\"https:\/\/tybet.hfhr.org.pl\/wp-content\/uploads\/2023\/09\/Xi-Modi-Johanesburg-25Sierpnia2023-FotAP-300x169.jpg 300w, https:\/\/tybet.hfhr.org.pl\/wp-content\/uploads\/2023\/09\/Xi-Modi-Johanesburg-25Sierpnia2023-FotAP-768x432.jpg 768w, https:\/\/tybet.hfhr.org.pl\/wp-content\/uploads\/2023\/09\/Xi-Modi-Johanesburg-25Sierpnia2023-FotAP-1024x576.jpg 1024w\" sizes=\"auto, (max-width: 300px) 100vw, 300px\" \/><\/a><\/p>\n<p><!--more--><\/p>\n<p>Przewodnicz\u0105cy Xi Jinping i premier Narendra Modi spotkali si\u0119 25 sierpnia na szczycie grupy BRICS i zapowiedzieli roz\u0142adowanie napi\u0119cia na granicy w Ladakhu, gdzie trzy lata temu dosz\u0142o do <a href=\"https:\/\/tybet.hfhr.org.pl\/?p=10033\" target=\"_blank\" rel=\"noopener noreferrer\">krwawego starcia<\/a>, po kt\u00f3rym obaj przyw\u00f3dcy nie prowadzili \u017cadnych rozm\u00f3w. W oficjalnym komunikacie Pekin m\u00f3wi\u0142 o \u201ewsp\u00f3lnym strze\u017ceniu pokoju i spokoju w regionie granicznym\u201d.<\/p>\n<p>Pi\u0119\u0107 dni p\u00f3\u017aniej chi\u0144skie ministerstwo zasob\u00f3w naturalnych opublikowa\u0142o jednak \u201estandardow\u0105 map\u0119 kraju\u201d, na kt\u00f3rej przyzna\u0142o sobie ziemie mi\u0119dzy Indii, Malezji i Rosji. W odpowiedzi na \u201estanowczy protest\u201d Delhi Pekin wyrazi\u0142 nadziej\u0119, \u017ce s\u0105siedzi \u201ezachowaj\u0105 obiektywizm i spok\u00f3j, powstrzymuj\u0105c si\u0119 od przesadnych interpretacji\u201d.<\/p>\n<p>Zaraz po \u201euniewa\u017cnieniu\u201d pojednawczych wypowiedzi Xi Jinpinga przez \u201estandardow\u0105 map\u0119\u201d, przewodnicz\u0105cy ChRL po raz kolejny \u201erozczarowa\u0142\u201d Indie, zapowiadaj\u0105c, \u017ce nie we\u017amie w udzia\u0142u we wrze\u015bniowym szczycie grupy G20 w New Delhi.<\/p>\n","protected":false},"excerpt":{"rendered":"<p>Zapowiedziawszy \u201ezintensyfikowanie wysi\u0142k\u00f3w na rzecz \u0142agodzenia napi\u0119\u0107\u201d na granicy z Indiami, Chiny opublikowa\u0142y \u201estandardow\u0105 map\u0119\u201d, na kt\u00f3rej przyzna\u0142y sobie ca\u0142y indyjski stan Aruna\u0107al Prade\u015b i cz\u0119\u015b\u0107 Ladakhu.<\/p>\n","protected":false},"author":1,"featured_media":0,"comment_status":"closed","ping_status":"closed","sticky":false,"template":"","format":"standard","meta":{"footnotes":""},"categories":[2,17],"tags":[56,26],"class_list":["post-14198","post","type-post","status-publish","format-standard","hentry","category-aktualnosci","category-hfpc","tag-indie","tag-polityka"],"_links":{"self":[{"href":"https:\/\/tybet.hfhr.org.pl\/index.php?rest_route=\/wp\/v2\/posts\/14198","targetHints":{"allow":["GET"]}}],"collection":[{"href":"https:\/\/tybet.hfhr.org.pl\/index.php?rest_route=\/wp\/v2\/posts"}],"about":[{"href":"https:\/\/tybet.hfhr.org.pl\/index.php?rest_route=\/wp\/v2\/types\/post"}],"author":[{"embeddable":true,"href":"https:\/\/tybet.hfhr.org.pl\/index.php?rest_route=\/wp\/v2\/users\/1"}],"replies":[{"embeddable":true,"href":"https:\/\/tybet.hfhr.org.pl\/index.php?rest_route=%2Fwp%2Fv2%2Fcomments&post=14198"}],"version-history":[{"count":2,"href":"https:\/\/tybet.hfhr.org.pl\/index.php?rest_route=\/wp\/v2\/posts\/14198\/revisions"}],"predecessor-version":[{"id":14201,"href":"https:\/\/tybet.hfhr.org.pl\/index.php?rest_route=\/wp\/v2\/posts\/14198\/revisions\/14201"}],"wp:attachment":[{"href":"https:\/\/tybet.hfhr.org.pl\/index.php?rest_route=%2Fwp%2Fv2%2Fmedia&parent=14198"}],"wp:term":[{"taxonomy":"category","embeddable":true,"href":"https:\/\/tybet.hfhr.org.pl\/index.php?rest_route=%2Fwp%2Fv2%2Fcategories&post=14198"},{"taxonomy":"post_tag","embeddable":true,"href":"https:\/\/tybet.hfhr.org.pl\/index.php?rest_route=%2Fwp%2Fv2%2Ftags&post=14198"}],"curies":[{"name":"wp","href":"https:\/\/api.w.org\/{rel}","templated":true}]}}