{"id":14419,"date":"2023-11-23T06:21:47","date_gmt":"2023-11-23T05:21:47","guid":{"rendered":"https:\/\/tybet.hfhr.org.pl\/?p=14419"},"modified":"2023-11-23T07:06:11","modified_gmt":"2023-11-23T06:06:11","slug":"ceten-dolma-zlota-gora-w-pekinie","status":"publish","type":"post","link":"https:\/\/tybet.hfhr.org.pl\/?p=14419","title":{"rendered":"Ceten Dolma: Z\u0142ota g\u00f3ra w Pekinie"},"content":{"rendered":"\n<p class=\"western\">Blask ze z\u0142otej g\u00f3ry w Pekinie<\/p>\n<p class=\"western\">Roz\u015bwietla ca\u0142y \u015bwiat<\/p>\n<p><!--more--><\/p>\n<p class=\"western\">Z\u0142otym s\u0142o\u0144cem jest Przewodnicz\u0105cy Mao<\/p>\n<p class=\"western\">Jego ciep\u0142o i dobro\u0107<\/p>\n<p class=\"western\">Rozpala serca niewolnik\u00f3w<\/p>\n<p class=\"western\">Idziemy szerok\u0105 drog\u0105 socjalistycznego szcz\u0119\u015bcia<\/p>\n<p class=\"western\">Hej\u017ce ho!<\/p>\n<p>\u00a0<\/p>\n<p><iframe loading=\"lazy\" title=\"\u624d\u65e6\u5353\u739b - \u5317\u4eac\u7684\u91d1\u5c71\u4e0a\" width=\"474\" height=\"356\" src=\"https:\/\/www.youtube.com\/embed\/g2a1gekaTg8?feature=oembed\" frameborder=\"0\" allow=\"accelerometer; autoplay; clipboard-write; encrypted-media; gyroscope; picture-in-picture; web-share\" referrerpolicy=\"strict-origin-when-cross-origin\" allowfullscreen><\/iframe><\/p>\n<p>\u00a0<\/p>\n<p class=\"western\"><em>Znienawidzony przez Tybeta\u0144czyk\u00f3w nie\u015bmiertelny przeb\u00f3j <a href=\"http:\/\/w\u0142adz https:\/\/tybet.hfhr.org.pl\/?p=1168\" target=\"_blank\" rel=\"noopener noreferrer\" data-wplink-url-error=\"true\">ulubienicy w\u0142adz<\/a>, najwi\u0119kszej \u201eczerwonej diwy\u201d Tybetu.<\/em><\/p>\n<p class=\"western\"><em>Ze wspomnie\u0144 jednej z mniszek <a href=\"https:\/\/tybet.hfhr.org.pl\/?p=4128\" target=\"_blank\" rel=\"noopener noreferrer\">wi\u0119zionych w os\u0142awionym Drapczi<\/a>: \u00bbTrzem mniszkom, uznawanym przez komendantur\u0119 za \u201ezresocjalizowane\u201d, polecono od\u015bpiewa\u0107 pie\u015b\u0144 ku czci Mao. Obok sta\u0142y dwie inne, osiemnastoletnia Nima i dwudziestotrzyletnia Dzamdrol, kt\u00f3re w tej samej chwili zacz\u0119\u0142y \u015bpiewa\u0107 tybeta\u0144sk\u0105 pie\u015b\u0144 niepodleg\u0142o\u015bciow\u0105, przekrzykuj\u0105c tamte. Natychmiast je wyprowadzono, przes\u0142uchano i strasznie zbito. Kiedy zosta\u0142y zamkni\u0119te w karcerach, wszystkie mniszki za\u017c\u0105da\u0142y ich zwolnienia. Wezwano LPZ, bo sytuacja wymyka\u0142a si\u0119 spod kontroli. \u017bo\u0142nierze zn\u00f3w pobili Nim\u0119 i Dzamdrol, a reszt\u0119 zamkn\u0119li w celach\u00ab<\/em>.<\/p>\n","protected":false},"excerpt":{"rendered":"<p>Blask ze z\u0142otej g\u00f3ry w Pekinie Roz\u015bwietla ca\u0142y \u015bwiat<\/p>\n","protected":false},"author":1,"featured_media":14420,"comment_status":"closed","ping_status":"closed","sticky":false,"template":"","format":"standard","meta":{"footnotes":""},"categories":[4,7],"tags":[43,27,46,48],"class_list":["post-14419","post","type-post","status-publish","format-standard","has-post-thumbnail","hentry","category-teksty","category-z-perspektywy-tybetanczykow","tag-agitprop","tag-historia","tag-sztuka","tag-tortury"],"_links":{"self":[{"href":"https:\/\/tybet.hfhr.org.pl\/index.php?rest_route=\/wp\/v2\/posts\/14419","targetHints":{"allow":["GET"]}}],"collection":[{"href":"https:\/\/tybet.hfhr.org.pl\/index.php?rest_route=\/wp\/v2\/posts"}],"about":[{"href":"https:\/\/tybet.hfhr.org.pl\/index.php?rest_route=\/wp\/v2\/types\/post"}],"author":[{"embeddable":true,"href":"https:\/\/tybet.hfhr.org.pl\/index.php?rest_route=\/wp\/v2\/users\/1"}],"replies":[{"embeddable":true,"href":"https:\/\/tybet.hfhr.org.pl\/index.php?rest_route=%2Fwp%2Fv2%2Fcomments&post=14419"}],"version-history":[{"count":3,"href":"https:\/\/tybet.hfhr.org.pl\/index.php?rest_route=\/wp\/v2\/posts\/14419\/revisions"}],"predecessor-version":[{"id":14444,"href":"https:\/\/tybet.hfhr.org.pl\/index.php?rest_route=\/wp\/v2\/posts\/14419\/revisions\/14444"}],"wp:featuredmedia":[{"embeddable":true,"href":"https:\/\/tybet.hfhr.org.pl\/index.php?rest_route=\/wp\/v2\/media\/14420"}],"wp:attachment":[{"href":"https:\/\/tybet.hfhr.org.pl\/index.php?rest_route=%2Fwp%2Fv2%2Fmedia&parent=14419"}],"wp:term":[{"taxonomy":"category","embeddable":true,"href":"https:\/\/tybet.hfhr.org.pl\/index.php?rest_route=%2Fwp%2Fv2%2Fcategories&post=14419"},{"taxonomy":"post_tag","embeddable":true,"href":"https:\/\/tybet.hfhr.org.pl\/index.php?rest_route=%2Fwp%2Fv2%2Ftags&post=14419"}],"curies":[{"name":"wp","href":"https:\/\/api.w.org\/{rel}","templated":true}]}}