{"id":14553,"date":"2024-01-11T06:29:34","date_gmt":"2024-01-11T05:29:34","guid":{"rendered":"https:\/\/tybet.hfhr.org.pl\/?p=14553"},"modified":"2023-12-31T09:06:53","modified_gmt":"2023-12-31T08:06:53","slug":"opozniona-o-szesc-lat-informacja-o-drakonskim-wyroku-w-kardze","status":"publish","type":"post","link":"https:\/\/tybet.hfhr.org.pl\/?p=14553","title":{"rendered":"Op\u00f3\u017aniona o sze\u015b\u0107 lat informacja o drako\u0144skim wyroku w Kardze"},"content":{"rendered":"\n<p class=\"western\">Lhakdor \u2013 biznesmen z Paljulu (chi\u0144. Baiyu) w prefekturze Kardze (chi\u0144. Ganzi) prowincji Sichuan \u2013 w 2016 roku zosta\u0142 skazany na jedena\u015bcie lat wi\u0119zienia za \u201eseparatyzm\u201d.<\/p>\n<p><a href=\"https:\/\/tybet.hfhr.org.pl\/wp-content\/uploads\/2023\/12\/Lhakdor-PaljulKardze-2016-Skazany-11LatWiezienia-SeparatystyczneTresciWTelefonie-WiadomoscGrudzien2023.jpg\"><img loading=\"lazy\" decoding=\"async\" class=\"alignnone size-medium wp-image-14554\" src=\"https:\/\/tybet.hfhr.org.pl\/wp-content\/uploads\/2023\/12\/Lhakdor-PaljulKardze-2016-Skazany-11LatWiezienia-SeparatystyczneTresciWTelefonie-WiadomoscGrudzien2023-300x218.jpg\" alt=\"\" width=\"300\" height=\"218\" srcset=\"https:\/\/tybet.hfhr.org.pl\/wp-content\/uploads\/2023\/12\/Lhakdor-PaljulKardze-2016-Skazany-11LatWiezienia-SeparatystyczneTresciWTelefonie-WiadomoscGrudzien2023-300x218.jpg 300w, https:\/\/tybet.hfhr.org.pl\/wp-content\/uploads\/2023\/12\/Lhakdor-PaljulKardze-2016-Skazany-11LatWiezienia-SeparatystyczneTresciWTelefonie-WiadomoscGrudzien2023.jpg 731w\" sizes=\"auto, (max-width: 300px) 100vw, 300px\" \/><\/a><\/p>\n<p><!--more--><\/p>\n<p class=\"western\">Wed\u0142ug tybeta\u0144skich \u017ar\u00f3de\u0142 m\u0119\u017cczyzn\u0119 zatrzymano na lotnisku po przylocie do Lhasy. Policja mia\u0142a znale\u017a\u0107 w jego telefonie \u201eniepodleg\u0142o\u015bciowe wiadomo\u015b\u0107 i filmy\u201d. S\u0105d ludowy w Paljulu \u201ewezwa\u0142 potem krewnych i poinformowa\u0142, \u017ce Lhakdor zosta\u0142 zakazany na jedena\u015bcie lat pozbawienia wolno\u015bci\u201d.<\/p>\n<p class=\"western\">\u201ePrzez ca\u0142y ten czas bliskim tylko raz uda\u0142o si\u0119 uzyska\u0107 zgod\u0119 na widzenie. Mimo ci\u0105g\u0142ych monit\u00f3w w tej chwili nie wiedz\u0105, w jakim jest stanie i gdzie go trzymaj\u0105\u201d.<\/p>\n","protected":false},"excerpt":{"rendered":"<p>Lhakdor \u2013 biznesmen z Paljulu (chi\u0144. Baiyu) w prefekturze Kardze (chi\u0144. Ganzi) prowincji Sichuan \u2013 w 2016 roku zosta\u0142 skazany na jedena\u015bcie lat wi\u0119zienia za \u201eseparatyzm\u201d.<\/p>\n","protected":false},"author":1,"featured_media":0,"comment_status":"closed","ping_status":"closed","sticky":false,"template":"","format":"standard","meta":{"footnotes":""},"categories":[2,17],"tags":[22],"class_list":["post-14553","post","type-post","status-publish","format-standard","hentry","category-aktualnosci","category-hfpc","tag-wyroki"],"_links":{"self":[{"href":"https:\/\/tybet.hfhr.org.pl\/index.php?rest_route=\/wp\/v2\/posts\/14553","targetHints":{"allow":["GET"]}}],"collection":[{"href":"https:\/\/tybet.hfhr.org.pl\/index.php?rest_route=\/wp\/v2\/posts"}],"about":[{"href":"https:\/\/tybet.hfhr.org.pl\/index.php?rest_route=\/wp\/v2\/types\/post"}],"author":[{"embeddable":true,"href":"https:\/\/tybet.hfhr.org.pl\/index.php?rest_route=\/wp\/v2\/users\/1"}],"replies":[{"embeddable":true,"href":"https:\/\/tybet.hfhr.org.pl\/index.php?rest_route=%2Fwp%2Fv2%2Fcomments&post=14553"}],"version-history":[{"count":1,"href":"https:\/\/tybet.hfhr.org.pl\/index.php?rest_route=\/wp\/v2\/posts\/14553\/revisions"}],"predecessor-version":[{"id":14555,"href":"https:\/\/tybet.hfhr.org.pl\/index.php?rest_route=\/wp\/v2\/posts\/14553\/revisions\/14555"}],"wp:attachment":[{"href":"https:\/\/tybet.hfhr.org.pl\/index.php?rest_route=%2Fwp%2Fv2%2Fmedia&parent=14553"}],"wp:term":[{"taxonomy":"category","embeddable":true,"href":"https:\/\/tybet.hfhr.org.pl\/index.php?rest_route=%2Fwp%2Fv2%2Fcategories&post=14553"},{"taxonomy":"post_tag","embeddable":true,"href":"https:\/\/tybet.hfhr.org.pl\/index.php?rest_route=%2Fwp%2Fv2%2Ftags&post=14553"}],"curies":[{"name":"wp","href":"https:\/\/api.w.org\/{rel}","templated":true}]}}