{"id":14750,"date":"2024-03-10T06:21:41","date_gmt":"2024-03-10T05:21:41","guid":{"rendered":"https:\/\/tybet.hfhr.org.pl\/?p=14750"},"modified":"2024-02-28T13:09:09","modified_gmt":"2024-02-28T12:09:09","slug":"nn-jeden-plomien-jedno-zycie","status":"publish","type":"post","link":"https:\/\/tybet.hfhr.org.pl\/?p=14750","title":{"rendered":"NN: Jeden p\u0142omie\u0144, jedno \u017cycie"},"content":{"rendered":"\n<p>Jeden p\u0142omie\u0144, jedno \u017cycie.<\/p>\n<p>Jeden p\u0142omie\u0144, jedno \u017cycie.<\/p>\n<p>Duch rodaka<\/p>\n<p>Strawiony w czerwonym ogniu<\/p>\n<p><!--more--><\/p>\n<p>W imi\u0119 wolno\u015bci<\/p>\n<p>W wiecznym \u017carze<\/p>\n<p>Naszej niewiedzy.<\/p>\n<p>Kiedy widz\u0119 ogie\u0144,<\/p>\n<p>P\u0142onie mi umys\u0142,<\/p>\n<p>P\u0142onie mi serce.<\/p>\n<p>\u00a0<\/p>\n<p>Kiedy widz\u0119 ogie\u0144,<\/p>\n<p>Zaczynam p\u0142aka\u0107<\/p>\n<p>I krzycze\u0107.<\/p>\n<p>\u00a0<\/p>\n<p>Jeden p\u0142omie\u0144, jedno \u017cycie.<\/p>\n<p>Duch rodaka<\/p>\n<p>Strawiony w czerwonym ogniu<\/p>\n<p>W imi\u0119 wolno\u015bci.<\/p>\n<p>\u00a0<\/p>\n<p>Wszyscy wyryci w moim sercu.<\/p>\n<p>\u00a0<\/p>\n<p>Kiedy widz\u0119 ogie\u0144,<\/p>\n<p>P\u0142onie mi umys\u0142,<\/p>\n<p>P\u0142onie mi serce.<\/p>\n<p>\u00a0<\/p>\n<p>Jeden p\u0142omie\u0144, jedno \u017cycie.<\/p>\n<p>Duch rodaka<\/p>\n<p>Strawiony w czerwonym ogniu<\/p>\n<p>W imi\u0119 wolno\u015bci.<\/p>\n<p>\u00a0<\/p>\n<p>\u00a0<\/p>\n<p>\u00a0<\/p>\n<p><em>Anonimowy wiersz napisany w Tybecie w marcu 2023 roku i odczytywany przez emigracyjnych dzia\u0142aczy podczas rocznicowych protest\u00f3w<\/em>.<\/p>\n","protected":false},"excerpt":{"rendered":"<p>Jeden p\u0142omie\u0144, jedno \u017cycie. Jeden p\u0142omie\u0144, jedno \u017cycie. Duch rodaka Strawiony w czerwonym ogniu<\/p>\n","protected":false},"author":1,"featured_media":14751,"comment_status":"closed","ping_status":"closed","sticky":false,"template":"","format":"standard","meta":{"footnotes":""},"categories":[4,7],"tags":[33,46],"class_list":["post-14750","post","type-post","status-publish","format-standard","has-post-thumbnail","hentry","category-teksty","category-z-perspektywy-tybetanczykow","tag-samospalenia","tag-sztuka"],"_links":{"self":[{"href":"https:\/\/tybet.hfhr.org.pl\/index.php?rest_route=\/wp\/v2\/posts\/14750","targetHints":{"allow":["GET"]}}],"collection":[{"href":"https:\/\/tybet.hfhr.org.pl\/index.php?rest_route=\/wp\/v2\/posts"}],"about":[{"href":"https:\/\/tybet.hfhr.org.pl\/index.php?rest_route=\/wp\/v2\/types\/post"}],"author":[{"embeddable":true,"href":"https:\/\/tybet.hfhr.org.pl\/index.php?rest_route=\/wp\/v2\/users\/1"}],"replies":[{"embeddable":true,"href":"https:\/\/tybet.hfhr.org.pl\/index.php?rest_route=%2Fwp%2Fv2%2Fcomments&post=14750"}],"version-history":[{"count":1,"href":"https:\/\/tybet.hfhr.org.pl\/index.php?rest_route=\/wp\/v2\/posts\/14750\/revisions"}],"predecessor-version":[{"id":14752,"href":"https:\/\/tybet.hfhr.org.pl\/index.php?rest_route=\/wp\/v2\/posts\/14750\/revisions\/14752"}],"wp:featuredmedia":[{"embeddable":true,"href":"https:\/\/tybet.hfhr.org.pl\/index.php?rest_route=\/wp\/v2\/media\/14751"}],"wp:attachment":[{"href":"https:\/\/tybet.hfhr.org.pl\/index.php?rest_route=%2Fwp%2Fv2%2Fmedia&parent=14750"}],"wp:term":[{"taxonomy":"category","embeddable":true,"href":"https:\/\/tybet.hfhr.org.pl\/index.php?rest_route=%2Fwp%2Fv2%2Fcategories&post=14750"},{"taxonomy":"post_tag","embeddable":true,"href":"https:\/\/tybet.hfhr.org.pl\/index.php?rest_route=%2Fwp%2Fv2%2Ftags&post=14750"}],"curies":[{"name":"wp","href":"https:\/\/api.w.org\/{rel}","templated":true}]}}