{"id":15115,"date":"2024-06-19T08:02:37","date_gmt":"2024-06-19T06:02:37","guid":{"rendered":"https:\/\/tybet.hfhr.org.pl\/?p=15115"},"modified":"2024-06-19T08:02:38","modified_gmt":"2024-06-19T06:02:38","slug":"wizyty-delegacji-ue-i-usa-w-tybecie-i-dharamsali","status":"publish","type":"post","link":"https:\/\/tybet.hfhr.org.pl\/?p=15115","title":{"rendered":"Wizyty delegacji UE i USA w Tybecie i Dharamsali"},"content":{"rendered":"\n<p>W po\u0142owie czerwca (pierwsza od dwudziestu lat) delegacja Unii Europejskiej odwiedzi\u0142a Tybeta\u0144ski Region Autonomiczny (TRA), a tydzie\u0144 p\u00f3\u017aniej wizyt\u0119 w Dharamsali, stolicy diaspory w Indiach, z\u0142o\u017cyli ameryka\u0144scy legislatorzy z demokratk\u0105 i by\u0142\u0105 przewodnicz\u0105c\u0105 Izby Reprezentant\u00f3w Nancy Pelosi oraz republikaninem Michaelem McCaulem, szefem komisji spraw zagranicznych w Kongresie, na czele.<\/p>\n<p><a href=\"https:\/\/tybet.hfhr.org.pl\/wp-content\/uploads\/2024\/06\/Dalajlama-DelegacjaKongresu-Dharamsala-19Czerwca2024-FotCAT.jpg\"><img loading=\"lazy\" decoding=\"async\" class=\"alignnone size-medium wp-image-15116\" src=\"https:\/\/tybet.hfhr.org.pl\/wp-content\/uploads\/2024\/06\/Dalajlama-DelegacjaKongresu-Dharamsala-19Czerwca2024-FotCAT-300x225.jpg\" alt=\"\" width=\"300\" height=\"225\" srcset=\"https:\/\/tybet.hfhr.org.pl\/wp-content\/uploads\/2024\/06\/Dalajlama-DelegacjaKongresu-Dharamsala-19Czerwca2024-FotCAT-300x225.jpg 300w, https:\/\/tybet.hfhr.org.pl\/wp-content\/uploads\/2024\/06\/Dalajlama-DelegacjaKongresu-Dharamsala-19Czerwca2024-FotCAT-768x576.jpg 768w, https:\/\/tybet.hfhr.org.pl\/wp-content\/uploads\/2024\/06\/Dalajlama-DelegacjaKongresu-Dharamsala-19Czerwca2024-FotCAT-1024x768.jpg 1024w, https:\/\/tybet.hfhr.org.pl\/wp-content\/uploads\/2024\/06\/Dalajlama-DelegacjaKongresu-Dharamsala-19Czerwca2024-FotCAT.jpg 1600w\" sizes=\"auto, (max-width: 300px) 100vw, 300px\" \/><\/a><\/p>\n<p><!--more--><\/p>\n<p>Delegacja EEAS (Europejska S\u0142u\u017cba Dzia\u0142a\u0144 Zewn\u0119trznych) z wiceprzewodnicz\u0105c\u0105 Paol\u0105 Pampaloni odwiedzi\u0142a Njingtri (chi\u0144. Lingzhi) i Lhas\u0119 w dniach 13\u201315 czerwca. Wed\u0142ug komunikatu opublikowanego po powrocie program obejmowa\u0142 \u201ewizyty w szko\u0142ach z internatem, gminach, o\u015brodkach religijnych i kulturalnych, domach przesiedlonych rodzin oraz w wi\u0119zieniu\u201d. W\u0142adze chi\u0144skie \u201eprzychyli\u0142y si\u0119 do wi\u0119kszo\u015bci pr\u00f3\u015bb, odmawiaj\u0105c jedynie spotka\u0144 z wi\u0119\u017aniami politycznymi\u201d. Na zako\u0144czenie delegaci przedstawili \u201eszereg rekomendacji\u201d, maj\u0105cych zagwarantowa\u0107 \u201epe\u0142n\u0105 dwuj\u0119zyczn\u0105 edukacj\u0119, zachowanie dziedzictwa kulturowego oraz przestrzeganie fundamentalnych praw Tybeta\u0144czyk\u00f3w\u201d, wyra\u017caj\u0105c zaniepokojenie \u201ebezprawnymi uwi\u0119zieniami, stosowaniem tortur i nieludzkim traktowaniem\u201d.<\/p>\n<p>Delegacja ameryka\u0144skiego Kongresu przyby\u0142a do Dharamsali 18 czerwca. Wed\u0142ug medi\u00f3w legislatorzy \u201eprzywie\u017ali Dalajlamie prezent\u201d w postaci Tibet Resolve Act, Ustawy \u201eo rozwi\u0105zaniu dla Tybetu\u201d, kt\u00f3ra odrzuca absurdalne twierdzenia Pekinu o \u201eodwiecznej integralno\u015bci\u201d, wzywa do rozpocz\u0119cia rozm\u00f3w z diaspor\u0105 i \u2013 po przyj\u0119ciu przez obie izby \u2013 czeka ju\u017c tylko podpis prezydenta Bidena. Dwa dni po g\u0142osowaniu w Izbie Reprezentant\u00f3w rz\u0105dowa fundacja National Endowment for Democracy uhonorowa\u0142a medalem sikjonga Penp\u0119 Ceringa, prezydenta Centralnej Administracji Tybeta\u0144skiej na wychod\u017astwie.<\/p>\n<p>Po przylocie do Indii kongresman McCaul powiedzia\u0142 dziennikarzom, \u017ce przes\u0142anie wizyty jest proste: \u201eStany Zjednoczone stoj\u0105 po stronie Tybeta\u0144czyk\u00f3w\u201d.<\/p>\n","protected":false},"excerpt":{"rendered":"<p>W po\u0142owie czerwca (pierwsza od dwudziestu lat) delegacja Unii Europejskiej odwiedzi\u0142a Tybeta\u0144ski Region Autonomiczny (TRA), a tydzie\u0144 p\u00f3\u017aniej wizyt\u0119 w Dharamsali, stolicy diaspory w Indiach, z\u0142o\u017cyli ameryka\u0144scy legislatorzy z demokratk\u0105 i by\u0142\u0105 przewodnicz\u0105c\u0105 Izby Reprezentant\u00f3w Nancy Pelosi oraz republikaninem Michaelem McCaulem, szefem komisji spraw zagranicznych w Kongresie, na czele.<\/p>\n","protected":false},"author":1,"featured_media":0,"comment_status":"closed","ping_status":"closed","sticky":false,"template":"","format":"standard","meta":{"footnotes":""},"categories":[2,17],"tags":[26,58],"class_list":["post-15115","post","type-post","status-publish","format-standard","hentry","category-aktualnosci","category-hfpc","tag-polityka","tag-swiat"],"_links":{"self":[{"href":"https:\/\/tybet.hfhr.org.pl\/index.php?rest_route=\/wp\/v2\/posts\/15115","targetHints":{"allow":["GET"]}}],"collection":[{"href":"https:\/\/tybet.hfhr.org.pl\/index.php?rest_route=\/wp\/v2\/posts"}],"about":[{"href":"https:\/\/tybet.hfhr.org.pl\/index.php?rest_route=\/wp\/v2\/types\/post"}],"author":[{"embeddable":true,"href":"https:\/\/tybet.hfhr.org.pl\/index.php?rest_route=\/wp\/v2\/users\/1"}],"replies":[{"embeddable":true,"href":"https:\/\/tybet.hfhr.org.pl\/index.php?rest_route=%2Fwp%2Fv2%2Fcomments&post=15115"}],"version-history":[{"count":1,"href":"https:\/\/tybet.hfhr.org.pl\/index.php?rest_route=\/wp\/v2\/posts\/15115\/revisions"}],"predecessor-version":[{"id":15117,"href":"https:\/\/tybet.hfhr.org.pl\/index.php?rest_route=\/wp\/v2\/posts\/15115\/revisions\/15117"}],"wp:attachment":[{"href":"https:\/\/tybet.hfhr.org.pl\/index.php?rest_route=%2Fwp%2Fv2%2Fmedia&parent=15115"}],"wp:term":[{"taxonomy":"category","embeddable":true,"href":"https:\/\/tybet.hfhr.org.pl\/index.php?rest_route=%2Fwp%2Fv2%2Fcategories&post=15115"},{"taxonomy":"post_tag","embeddable":true,"href":"https:\/\/tybet.hfhr.org.pl\/index.php?rest_route=%2Fwp%2Fv2%2Ftags&post=15115"}],"curies":[{"name":"wp","href":"https:\/\/api.w.org\/{rel}","templated":true}]}}