{"id":15481,"date":"2024-10-31T06:21:14","date_gmt":"2024-10-31T05:21:14","guid":{"rendered":"https:\/\/tybet.hfhr.org.pl\/?p=15481"},"modified":"2024-10-24T10:22:33","modified_gmt":"2024-10-24T08:22:33","slug":"oser-spadlam-ze-snu","status":"publish","type":"post","link":"https:\/\/tybet.hfhr.org.pl\/?p=15481","title":{"rendered":"Oser: Spad\u0142am ze snu"},"content":{"rendered":"\n<p>\u015ani\u0142a mi si\u0119 mama, u\u015bmiecha\u0142a si\u0119 k\u0105cikami ust.<\/p>\n<p>Zn\u00f3w dotyka\u0142y\u015bmy si\u0119 czo\u0142ami. We \u015bnie<\/p>\n<p>czu\u0142am, \u017ce jestem dla niej lepsza.<\/p>\n<p><!--more--><\/p>\n<p>Nagle us\u0142ysza\u0142am g\u0142os z za\u015bwiat\u00f3w:<\/p>\n<p>\u201eNieobecne. Ty i ja<\/p>\n<p>jeste\u015bmy nieobecne\u201d.<\/p>\n<p>I w tej samej chwili,<\/p>\n<p>niczym \u201eko\u0144, kt\u00f3ry spad\u0142 z wiersza\u201d,<\/p>\n<p>wr\u00f3ci\u0142am do \u017cycia bez ciebie.<\/p>\n<p>To nie jest pustka, tylko<\/p>\n<p>nienazwana strata.<\/p>\n<p>Pszczo\u0142a, szukaj\u0105ca rozpaczliwie<\/p>\n<p>\u015blad\u00f3w nektaru w zwi\u0119d\u0142ym kwiecie.<\/p>\n<p>I stoj\u0119 tak na rozdro\u017cu<\/p>\n<p>w zupe\u0142nie obcym miejscu,<\/p>\n<p>bezg\u0142o\u015bnie p\u0142acz\u0105c.<\/p>\n<p>\u00a0<\/p>\n<p>21 pa\u017adziernika 2024<\/p>\n<p>\u00a0<\/p>\n<p>\u00a0<\/p>\n<p><em>\u201eKo\u0144, kt\u00f3ry spad\u0142 z wiersza\u201d \u2013 cytat z przys\u0142anego przez <a href=\"https:\/\/www.ianboyden.com\/posts\/i-fell-off-the-dream\" target=\"_blank\" rel=\"noopener noreferrer\">przyjaciela<\/a> wiersza palesty\u0144skiego poety. Pierwsze s\u0142owa, kt\u00f3re przeczyta\u0142am po przebudzeniu<\/em>.<\/p>\n","protected":false},"excerpt":{"rendered":"<p>\u015ani\u0142a mi si\u0119 mama, u\u015bmiecha\u0142a si\u0119 k\u0105cikami ust. Zn\u00f3w dotyka\u0142y\u015bmy si\u0119 czo\u0142ami. We \u015bnie czu\u0142am, \u017ce jestem dla niej lepsza.<\/p>\n","protected":false},"author":1,"featured_media":15483,"comment_status":"closed","ping_status":"closed","sticky":false,"template":"","format":"standard","meta":{"footnotes":""},"categories":[4,7],"tags":[29,46],"class_list":["post-15481","post","type-post","status-publish","format-standard","has-post-thumbnail","hentry","category-teksty","category-z-perspektywy-tybetanczykow","tag-oser","tag-sztuka"],"_links":{"self":[{"href":"https:\/\/tybet.hfhr.org.pl\/index.php?rest_route=\/wp\/v2\/posts\/15481","targetHints":{"allow":["GET"]}}],"collection":[{"href":"https:\/\/tybet.hfhr.org.pl\/index.php?rest_route=\/wp\/v2\/posts"}],"about":[{"href":"https:\/\/tybet.hfhr.org.pl\/index.php?rest_route=\/wp\/v2\/types\/post"}],"author":[{"embeddable":true,"href":"https:\/\/tybet.hfhr.org.pl\/index.php?rest_route=\/wp\/v2\/users\/1"}],"replies":[{"embeddable":true,"href":"https:\/\/tybet.hfhr.org.pl\/index.php?rest_route=%2Fwp%2Fv2%2Fcomments&post=15481"}],"version-history":[{"count":2,"href":"https:\/\/tybet.hfhr.org.pl\/index.php?rest_route=\/wp\/v2\/posts\/15481\/revisions"}],"predecessor-version":[{"id":15493,"href":"https:\/\/tybet.hfhr.org.pl\/index.php?rest_route=\/wp\/v2\/posts\/15481\/revisions\/15493"}],"wp:featuredmedia":[{"embeddable":true,"href":"https:\/\/tybet.hfhr.org.pl\/index.php?rest_route=\/wp\/v2\/media\/15483"}],"wp:attachment":[{"href":"https:\/\/tybet.hfhr.org.pl\/index.php?rest_route=%2Fwp%2Fv2%2Fmedia&parent=15481"}],"wp:term":[{"taxonomy":"category","embeddable":true,"href":"https:\/\/tybet.hfhr.org.pl\/index.php?rest_route=%2Fwp%2Fv2%2Fcategories&post=15481"},{"taxonomy":"post_tag","embeddable":true,"href":"https:\/\/tybet.hfhr.org.pl\/index.php?rest_route=%2Fwp%2Fv2%2Ftags&post=15481"}],"curies":[{"name":"wp","href":"https:\/\/api.w.org\/{rel}","templated":true}]}}