{"id":15530,"date":"2024-11-14T06:29:08","date_gmt":"2024-11-14T05:29:08","guid":{"rendered":"https:\/\/tybet.hfhr.org.pl\/?p=15530"},"modified":"2024-11-13T07:17:26","modified_gmt":"2024-11-13T06:17:26","slug":"zatrzymanie-tasziego-langczuka","status":"publish","type":"post","link":"https:\/\/tybet.hfhr.org.pl\/?p=15530","title":{"rendered":"Zatrzymanie Tasziego \u0141angczuka"},"content":{"rendered":"\n<p>Taszi \u0141angczuk \u2013 biznesmen i spo\u0142ecznik z Juszu (chi\u0144. Yushu) w prowincji Qinghai, <a href=\"https:\/\/tybet.hfhr.org.pl\/?p=12328\" target=\"_blank\" rel=\"noopener noreferrer\">monituj\u0105cy<\/a> w\u0142adze wszystkich szczebli o zapewnienie \u201ekonstytucyjnego\u201d miejsca j\u0119zykowi tybeta\u0144skiemu w systemie o\u015bwiaty, <a href=\"https:\/\/tybet.hfhr.org.pl\/?p=6554\" target=\"_blank\" rel=\"noopener noreferrer\">skazany<\/a> na pi\u0119\u0107 lat pozbawienia wolno\u015bci za rozmawianie o tym z zagranicznym dziennikarzem i systematycznie <a href=\"https:\/\/tybet.hfhr.org.pl\/?p=14170\" target=\"_blank\" rel=\"noopener noreferrer\">n\u0119kany<\/a> po wyj\u015bciu z wi\u0119zienia \u2013 zosta\u0142 zatrzymany przez policj\u0119.<\/p>\n<p><a href=\"https:\/\/tybet.hfhr.org.pl\/wp-content\/uploads\/2024\/11\/TasziLangczuk-FotSCMP.jpg\"><img loading=\"lazy\" decoding=\"async\" class=\"alignnone size-medium wp-image-15531\" src=\"https:\/\/tybet.hfhr.org.pl\/wp-content\/uploads\/2024\/11\/TasziLangczuk-FotSCMP-300x200.jpg\" alt=\"\" width=\"300\" height=\"200\" srcset=\"https:\/\/tybet.hfhr.org.pl\/wp-content\/uploads\/2024\/11\/TasziLangczuk-FotSCMP-300x200.jpg 300w, https:\/\/tybet.hfhr.org.pl\/wp-content\/uploads\/2024\/11\/TasziLangczuk-FotSCMP-768x512.jpg 768w, https:\/\/tybet.hfhr.org.pl\/wp-content\/uploads\/2024\/11\/TasziLangczuk-FotSCMP.jpg 852w\" sizes=\"auto, (max-width: 300px) 100vw, 300px\" \/><\/a><\/p>\n<p><!--more--><\/p>\n<p>Wed\u0142ug tybeta\u0144skich \u017ar\u00f3de\u0142 \u201eprzyszli po niego 8 listopada. Nie wiadomo, za co i gdzie go trzymaj\u0105. Bliscy pr\u00f3bowali si\u0119 czego\u015b dowiedzie\u0107, ale nic nie wsk\u00f3rali\u201d.<\/p>\n<p>Mimo wielokrotnych \u201eostrze\u017ce\u0144\u201d trzydziestodziewi\u0119cioletni Tasz \u0141angczuk nie zrezygnowa\u0142 z walki o zachowanie j\u0119zyka tybeta\u0144skiego.<\/p>\n<p>W zesz\u0142ym roku zosta\u0142 <a href=\"https:\/\/tybet.hfhr.org.pl\/?p=14362\" target=\"_blank\" rel=\"noopener noreferrer\">aresztowany<\/a> i pobity za opublikowanie posta, w kt\u00f3rym skar\u017cy\u0142 si\u0119, \u017ce odm\u00f3wiono mi \u201elicencji\u201d na otworzenie myjni samochodowej.<\/p>\n","protected":false},"excerpt":{"rendered":"<p>Taszi \u0141angczuk \u2013 biznesmen i spo\u0142ecznik z Juszu (chi\u0144. Yushu) w prowincji Qinghai, monituj\u0105cy w\u0142adze wszystkich szczebli o zapewnienie \u201ekonstytucyjnego\u201d miejsca j\u0119zykowi tybeta\u0144skiemu w systemie o\u015bwiaty, skazany na pi\u0119\u0107 lat pozbawienia wolno\u015bci za rozmawianie o tym z zagranicznym dziennikarzem i systematycznie n\u0119kany po wyj\u015bciu z wi\u0119zienia \u2013 zosta\u0142 zatrzymany przez policj\u0119.<\/p>\n","protected":false},"author":1,"featured_media":0,"comment_status":"closed","ping_status":"closed","sticky":false,"template":"","format":"standard","meta":{"footnotes":""},"categories":[2,17],"tags":[44,20,21],"class_list":["post-15530","post","type-post","status-publish","format-standard","hentry","category-aktualnosci","category-hfpc","tag-jezyk","tag-protesty-spoleczne","tag-zatrzymania"],"_links":{"self":[{"href":"https:\/\/tybet.hfhr.org.pl\/index.php?rest_route=\/wp\/v2\/posts\/15530","targetHints":{"allow":["GET"]}}],"collection":[{"href":"https:\/\/tybet.hfhr.org.pl\/index.php?rest_route=\/wp\/v2\/posts"}],"about":[{"href":"https:\/\/tybet.hfhr.org.pl\/index.php?rest_route=\/wp\/v2\/types\/post"}],"author":[{"embeddable":true,"href":"https:\/\/tybet.hfhr.org.pl\/index.php?rest_route=\/wp\/v2\/users\/1"}],"replies":[{"embeddable":true,"href":"https:\/\/tybet.hfhr.org.pl\/index.php?rest_route=%2Fwp%2Fv2%2Fcomments&post=15530"}],"version-history":[{"count":1,"href":"https:\/\/tybet.hfhr.org.pl\/index.php?rest_route=\/wp\/v2\/posts\/15530\/revisions"}],"predecessor-version":[{"id":15532,"href":"https:\/\/tybet.hfhr.org.pl\/index.php?rest_route=\/wp\/v2\/posts\/15530\/revisions\/15532"}],"wp:attachment":[{"href":"https:\/\/tybet.hfhr.org.pl\/index.php?rest_route=%2Fwp%2Fv2%2Fmedia&parent=15530"}],"wp:term":[{"taxonomy":"category","embeddable":true,"href":"https:\/\/tybet.hfhr.org.pl\/index.php?rest_route=%2Fwp%2Fv2%2Fcategories&post=15530"},{"taxonomy":"post_tag","embeddable":true,"href":"https:\/\/tybet.hfhr.org.pl\/index.php?rest_route=%2Fwp%2Fv2%2Ftags&post=15530"}],"curies":[{"name":"wp","href":"https:\/\/api.w.org\/{rel}","templated":true}]}}