{"id":15573,"date":"2024-12-09T06:29:16","date_gmt":"2024-12-09T05:29:16","guid":{"rendered":"https:\/\/tybet.hfhr.org.pl\/?p=15573"},"modified":"2024-11-22T09:11:41","modified_gmt":"2024-11-22T08:11:41","slug":"zwolnienie-karmy-samdupa","status":"publish","type":"post","link":"https:\/\/tybet.hfhr.org.pl\/?p=15573","title":{"rendered":"Zwolnienie Karmy Samdupa"},"content":{"rendered":"\n<p>Karma Samdup \u2013 biznesmen, kolekcjoner sztuki i dzia\u0142acz spo\u0142eczny \u2013 19 listopada zosta\u0142 zwolniony z wi\u0119zienia Szajar w Turkiestanie Wschodnim (chi\u0144. Xinjiang) po odbyciu <a href=\"http:\/\/old.tybet.hfhr.org.pl\/raport.php?raport_id=1137\" target=\"_blank\" rel=\"noopener noreferrer\">drako\u0144skiej kary<\/a> 15 lat pozbawienia wolno\u015bci.<\/p>\n<p><a href=\"https:\/\/tybet.hfhr.org.pl\/wp-content\/uploads\/2024\/11\/KarmaSamdup-Zwolnienie-19Listopada2024-TurkiestanWschodni.jpg\"><img loading=\"lazy\" decoding=\"async\" class=\"alignnone size-medium wp-image-15574\" src=\"https:\/\/tybet.hfhr.org.pl\/wp-content\/uploads\/2024\/11\/KarmaSamdup-Zwolnienie-19Listopada2024-TurkiestanWschodni-300x101.jpg\" alt=\"\" width=\"300\" height=\"101\" srcset=\"https:\/\/tybet.hfhr.org.pl\/wp-content\/uploads\/2024\/11\/KarmaSamdup-Zwolnienie-19Listopada2024-TurkiestanWschodni-300x101.jpg 300w, https:\/\/tybet.hfhr.org.pl\/wp-content\/uploads\/2024\/11\/KarmaSamdup-Zwolnienie-19Listopada2024-TurkiestanWschodni-768x259.jpg 768w, https:\/\/tybet.hfhr.org.pl\/wp-content\/uploads\/2024\/11\/KarmaSamdup-Zwolnienie-19Listopada2024-TurkiestanWschodni.jpg 992w\" sizes=\"auto, (max-width: 300px) 100vw, 300px\" \/><\/a><\/p>\n<p><!--more--><\/p>\n<p>Karma Samdup \u2013 kt\u00f3remu rz\u0105dowa telewizja przyzna\u0142a tytu\u0142 \u201efilantropa roku\u201d \u2013 trafi\u0142 za kraty w styczniu 2010 roku. Po kilkumiesi\u0119cznym \u201e<a href=\"http:\/\/old.tybet.hfhr.org.pl\/raport.php?raport_id=1135\" target=\"_blank\" rel=\"noopener noreferrer\">\u015bledztwie<\/a>\u201d \u2013 po\u0142\u0105czonym z \u201ebiciem, torturami, pozbawianiem snu i odurzaniem narkotykami\u201d \u2013 postawiono mu (<a href=\"https:\/\/tybet.hfhr.org.pl\/?p=15548\" target=\"_blank\" rel=\"noopener noreferrer\">oddalone<\/a> dwa lata wcze\u015bniej) zarzuty \u201eokradania grobowc\u00f3w\u201d i handlowania kradzionymi antykami.<\/p>\n<p>Tybeta\u0144czycy i niezale\u017cni obserwatorzy byli przekonani, \u017ce sprawa zosta\u0142a <a href=\"http:\/\/old.tybet.hfhr.org.pl\/raport.php?raport_id=1175\" target=\"_blank\" rel=\"noopener noreferrer\">ukartowana<\/a> przez aparatczyk\u00f3w z Gondzio (chi\u0144. Gongjue) w prefekturze Czamdo (chi\u0144. Changdu) Tybeta\u0144skiego Regionu Autonomicznego. Karma Samdup broni\u0142 dw\u00f3ch braci, tak\u017ce ekolog\u00f3w, kt\u00f3rzy oskar\u017cali partyjnych kacyk\u00f3w o nadu\u017cycia, k\u0142usownictwo i korupcj\u0119. Wed\u0142ug ostro\u017cnych szacunk\u00f3w <a href=\"http:\/\/old.tybet.hfhr.org.pl\/raport.php?raport_id=1148\" target=\"_blank\" rel=\"noopener noreferrer\">ucierpia\u0142o<\/a> kilkadziesi\u0105t os\u00f3b \u2013 skazywanych, zatrzymywanych, torturowanych, bitych i szykanowanych.<\/p>\n<p>Karma Samdup, kt\u00f3ry w chwili zatrzymania by\u0142 pot\u0119\u017cnym, czterdziestoletnim m\u0119\u017cczyzn\u0105, nie m\u00f3g\u0142 opu\u015bci\u0107 wi\u0119zienia o w\u0142asnych si\u0142ach. Zgodnie z drako\u0144skim wyrokiem jeszcze przez pi\u0119\u0107 lat b\u0119dzie pozbawiony \u201epraw publicznych\u201d.<\/p>\n","protected":false},"excerpt":{"rendered":"<p>Karma Samdup \u2013 biznesmen, kolekcjoner sztuki i dzia\u0142acz spo\u0142eczny \u2013 19 listopada zosta\u0142 zwolniony z wi\u0119zienia Szajar w Turkiestanie Wschodnim (chi\u0144. Xinjiang) po odbyciu drako\u0144skiej kary 15 lat pozbawienia wolno\u015bci.<\/p>\n","protected":false},"author":1,"featured_media":0,"comment_status":"closed","ping_status":"closed","sticky":false,"template":"","format":"standard","meta":{"footnotes":""},"categories":[2,17],"tags":[20,48,22],"class_list":["post-15573","post","type-post","status-publish","format-standard","hentry","category-aktualnosci","category-hfpc","tag-protesty-spoleczne","tag-tortury","tag-wyroki"],"_links":{"self":[{"href":"https:\/\/tybet.hfhr.org.pl\/index.php?rest_route=\/wp\/v2\/posts\/15573","targetHints":{"allow":["GET"]}}],"collection":[{"href":"https:\/\/tybet.hfhr.org.pl\/index.php?rest_route=\/wp\/v2\/posts"}],"about":[{"href":"https:\/\/tybet.hfhr.org.pl\/index.php?rest_route=\/wp\/v2\/types\/post"}],"author":[{"embeddable":true,"href":"https:\/\/tybet.hfhr.org.pl\/index.php?rest_route=\/wp\/v2\/users\/1"}],"replies":[{"embeddable":true,"href":"https:\/\/tybet.hfhr.org.pl\/index.php?rest_route=%2Fwp%2Fv2%2Fcomments&post=15573"}],"version-history":[{"count":1,"href":"https:\/\/tybet.hfhr.org.pl\/index.php?rest_route=\/wp\/v2\/posts\/15573\/revisions"}],"predecessor-version":[{"id":15575,"href":"https:\/\/tybet.hfhr.org.pl\/index.php?rest_route=\/wp\/v2\/posts\/15573\/revisions\/15575"}],"wp:attachment":[{"href":"https:\/\/tybet.hfhr.org.pl\/index.php?rest_route=%2Fwp%2Fv2%2Fmedia&parent=15573"}],"wp:term":[{"taxonomy":"category","embeddable":true,"href":"https:\/\/tybet.hfhr.org.pl\/index.php?rest_route=%2Fwp%2Fv2%2Fcategories&post=15573"},{"taxonomy":"post_tag","embeddable":true,"href":"https:\/\/tybet.hfhr.org.pl\/index.php?rest_route=%2Fwp%2Fv2%2Ftags&post=15573"}],"curies":[{"name":"wp","href":"https:\/\/api.w.org\/{rel}","templated":true}]}}