{"id":15893,"date":"2025-03-20T06:29:09","date_gmt":"2025-03-20T05:29:09","guid":{"rendered":"https:\/\/tybet.hfhr.org.pl\/?p=15893"},"modified":"2025-03-24T07:40:00","modified_gmt":"2025-03-24T06:40:00","slug":"prezydent-trump-odbiera-tybetanczykom-finansowe-wsparcie-i-wazne-zrodlo-informacji","status":"publish","type":"post","link":"https:\/\/tybet.hfhr.org.pl\/?p=15893","title":{"rendered":"Prezydent Trump odbiera Tybeta\u0144czykom finansowe wsparcie i wa\u017cne \u017ar\u00f3d\u0142o informacji"},"content":{"rendered":"\n<p>Centralna Administracja Tybeta\u0144ska (CAT) w Indiach oficjalnie potwierdzi\u0142a, \u017ce dekrety prezydenta Donalda Trumpa odebra\u0142y diasporze fundusze pomocowe przyznane wcze\u015bniej przez ameryka\u0144ski Kongres.<\/p>\n<p><a href=\"https:\/\/tybet.hfhr.org.pl\/wp-content\/uploads\/2025\/03\/Neczung-Sikjong-Marzec2025-FotCAT.png\"><img loading=\"lazy\" decoding=\"async\" class=\"alignnone size-medium wp-image-15895\" src=\"https:\/\/tybet.hfhr.org.pl\/wp-content\/uploads\/2025\/03\/Neczung-Sikjong-Marzec2025-FotCAT-300x215.png\" alt=\"\" width=\"300\" height=\"215\" srcset=\"https:\/\/tybet.hfhr.org.pl\/wp-content\/uploads\/2025\/03\/Neczung-Sikjong-Marzec2025-FotCAT-300x215.png 300w, https:\/\/tybet.hfhr.org.pl\/wp-content\/uploads\/2025\/03\/Neczung-Sikjong-Marzec2025-FotCAT-768x551.png 768w, https:\/\/tybet.hfhr.org.pl\/wp-content\/uploads\/2025\/03\/Neczung-Sikjong-Marzec2025-FotCAT.png 1000w\" sizes=\"auto, (max-width: 300px) 100vw, 300px\" \/><\/a><\/p>\n<p><!--more--><\/p>\n<p>W chaosie wywo\u0142anym og\u0142oszeniem pierwszych dekret\u00f3w i ci\u0119\u0107 w styczniu 2025 roku pojawia\u0142y si\u0119 informacje, \u017ce Dharamsala wci\u0105\u017c otrzymuje cz\u0119\u015b\u0107 dotacji, w tej chwili nic jednak na to nie wskazuje. Po cofni\u0119ciu \u015brodk\u00f3w pomocowych \u2013 kt\u00f3re r\u00f3\u017cnymi kana\u0142ami p\u0142yn\u0119\u0142y do Tybeta\u0144czyk\u00f3w od czasu powstania w po\u0142owie lat 50. ubieg\u0142ego wieku \u2013 14 marca prezydent Trump spe\u0142ni\u0142 gro\u017ab\u0119 z pierwszej kadencji, wstrzymuj\u0105c <span lang=\"pl-PL\">finansowanie \u201epublicznych\u201d stacji radiowych i telewizyjnych, w tym Radia Wolna Europa i Radia Wolna Azja z jego tybeta\u0144sk\u0105 rozg\u0142o\u015bni\u0105 \u2013 jednym z najwa\u017cniejszych \u017ar\u00f3de\u0142 informacji dla Tybeta\u0144czyk\u00f3w. \u201eTak zwana pochodnia wolno\u015bci, G\u0142os Ameryki, zosta\u0142a potraktowana przez sw\u00f3j w\u0142asny rz\u0105d jak brudna szmata\u201d, skwitowa\u0142 partyjny <em>Global Times<\/em>.<\/span><\/p>\n<p><a href=\"https:\/\/tybet.hfhr.org.pl\/wp-content\/uploads\/2025\/03\/NYT-RestrykcjeWizowe-15Marca2025.jpg\"><img loading=\"lazy\" decoding=\"async\" class=\"alignnone size-medium wp-image-15894\" src=\"https:\/\/tybet.hfhr.org.pl\/wp-content\/uploads\/2025\/03\/NYT-RestrykcjeWizowe-15Marca2025-300x234.jpg\" alt=\"\" width=\"300\" height=\"234\" srcset=\"https:\/\/tybet.hfhr.org.pl\/wp-content\/uploads\/2025\/03\/NYT-RestrykcjeWizowe-15Marca2025-300x234.jpg 300w, https:\/\/tybet.hfhr.org.pl\/wp-content\/uploads\/2025\/03\/NYT-RestrykcjeWizowe-15Marca2025-768x599.jpg 768w, https:\/\/tybet.hfhr.org.pl\/wp-content\/uploads\/2025\/03\/NYT-RestrykcjeWizowe-15Marca2025.jpg 879w\" sizes=\"auto, (max-width: 300px) 100vw, 300px\" \/><\/a><\/p>\n<p>W tym samym czasie <em>New York Times<\/em> opublikowa\u0142 list\u0119 planowanych restrykcji wizowych. W pierwszej \u201eczerwonej\u201d grupie, kt\u00f3ra jest obj\u0119ta \u201eca\u0142kowitym zakazem podr\u00f3\u017cowania\u201d do Stan\u00f3w Zjednoczonych, obok Afganistanu, Iranu, Jemenu, Korei P\u00f3\u0142nocnej, Kuby, Libii Somalii, Sudanu, Syrii i Wenezueli znalaz\u0142 si\u0119 himalajski Bhutanu z jego flagow\u0105 polityk\u0105 \u201eszcz\u0119\u015bcia krajowego brutto\u201d, ochrony \u015brodowiska i propagowania podstawowych warto\u015bci buddyjskich (mi\u0142uj\u0105cej dobroci i wsp\u00f3\u0142czucia).<\/p>\n<p>Media diaspory poda\u0142y, \u017ce \u201epa\u0144stwowa wyrocznia\u201d Neczung radzi tybeta\u0144skiemu rz\u0105dowi \u201ezachowa\u0107 cierpliwo\u015b\u0107 i nie traci\u0107 z oczu najwa\u017cniejszej sprawy. B\u0105d\u017acie cierpliwi, z czasem wszystko si\u0119 wyja\u015bni. Nie w\u0105tpcie\u201d.<\/p>\n","protected":false},"excerpt":{"rendered":"<p>Centralna Administracja Tybeta\u0144ska (CAT) w Indiach oficjalnie potwierdzi\u0142a, \u017ce dekrety prezydenta Donalda Trumpa odebra\u0142y diasporze fundusze pomocowe przyznane wcze\u015bniej przez ameryka\u0144ski Kongres.<\/p>\n","protected":false},"author":1,"featured_media":0,"comment_status":"closed","ping_status":"closed","sticky":false,"template":"","format":"standard","meta":{"footnotes":""},"categories":[2,17],"tags":[24,58],"class_list":["post-15893","post","type-post","status-publish","format-standard","hentry","category-aktualnosci","category-hfpc","tag-diaspora","tag-swiat"],"_links":{"self":[{"href":"https:\/\/tybet.hfhr.org.pl\/index.php?rest_route=\/wp\/v2\/posts\/15893","targetHints":{"allow":["GET"]}}],"collection":[{"href":"https:\/\/tybet.hfhr.org.pl\/index.php?rest_route=\/wp\/v2\/posts"}],"about":[{"href":"https:\/\/tybet.hfhr.org.pl\/index.php?rest_route=\/wp\/v2\/types\/post"}],"author":[{"embeddable":true,"href":"https:\/\/tybet.hfhr.org.pl\/index.php?rest_route=\/wp\/v2\/users\/1"}],"replies":[{"embeddable":true,"href":"https:\/\/tybet.hfhr.org.pl\/index.php?rest_route=%2Fwp%2Fv2%2Fcomments&post=15893"}],"version-history":[{"count":2,"href":"https:\/\/tybet.hfhr.org.pl\/index.php?rest_route=\/wp\/v2\/posts\/15893\/revisions"}],"predecessor-version":[{"id":15910,"href":"https:\/\/tybet.hfhr.org.pl\/index.php?rest_route=\/wp\/v2\/posts\/15893\/revisions\/15910"}],"wp:attachment":[{"href":"https:\/\/tybet.hfhr.org.pl\/index.php?rest_route=%2Fwp%2Fv2%2Fmedia&parent=15893"}],"wp:term":[{"taxonomy":"category","embeddable":true,"href":"https:\/\/tybet.hfhr.org.pl\/index.php?rest_route=%2Fwp%2Fv2%2Fcategories&post=15893"},{"taxonomy":"post_tag","embeddable":true,"href":"https:\/\/tybet.hfhr.org.pl\/index.php?rest_route=%2Fwp%2Fv2%2Ftags&post=15893"}],"curies":[{"name":"wp","href":"https:\/\/api.w.org\/{rel}","templated":true}]}}