{"id":15948,"date":"2025-04-10T06:29:13","date_gmt":"2025-04-10T04:29:13","guid":{"rendered":"https:\/\/tybet.hfhr.org.pl\/?p=15948"},"modified":"2025-04-04T08:06:54","modified_gmt":"2025-04-04T06:06:54","slug":"dharamsala-odzyskuje-wladze-sadownicza","status":"publish","type":"post","link":"https:\/\/tybet.hfhr.org.pl\/?p=15948","title":{"rendered":"Dharamsala odzyskuje w\u0142adz\u0119 s\u0105downicz\u0105"},"content":{"rendered":"\n<p>Tybeta\u0144ski parlament na wychod\u017astwie \u2013 po pi\u0119ciu latach \u2013 zako\u0144czy\u0142 konstytucyjny kryzys, 29 marca powo\u0142uj\u0105c przewodnicz\u0105c\u0105, dw\u00f3ch s\u0119dzi\u00f3w Najwy\u017cszej Komisji Sprawiedliwo\u015bci i prezesa izby kontroli.<\/p>\n<p><a href=\"https:\/\/tybet.hfhr.org.pl\/wp-content\/uploads\/2025\/03\/NajwyzszaKomisjaSprawiedliwosci-Marzec2025-Dharamsala.jpg\"><img loading=\"lazy\" decoding=\"async\" class=\"alignnone size-medium wp-image-15949\" src=\"https:\/\/tybet.hfhr.org.pl\/wp-content\/uploads\/2025\/03\/NajwyzszaKomisjaSprawiedliwosci-Marzec2025-Dharamsala-300x200.jpg\" alt=\"\" width=\"300\" height=\"200\" srcset=\"https:\/\/tybet.hfhr.org.pl\/wp-content\/uploads\/2025\/03\/NajwyzszaKomisjaSprawiedliwosci-Marzec2025-Dharamsala-300x200.jpg 300w, https:\/\/tybet.hfhr.org.pl\/wp-content\/uploads\/2025\/03\/NajwyzszaKomisjaSprawiedliwosci-Marzec2025-Dharamsala-768x512.jpg 768w, https:\/\/tybet.hfhr.org.pl\/wp-content\/uploads\/2025\/03\/NajwyzszaKomisjaSprawiedliwosci-Marzec2025-Dharamsala.jpg 1024w\" sizes=\"auto, (max-width: 300px) 100vw, 300px\" \/><\/a><\/p>\n<p><!--more--><\/p>\n<p>Ca\u0142a sprawa budzi\u0142a powszechne zgorszenie i wywo\u0142ywa\u0142a liczne protesty (w tym pr\u00f3b\u0119 <a href=\"https:\/\/tybet.hfhr.org.pl\/?p=11412\" target=\"_blank\" rel=\"noopener noreferrer\">samospalenia<\/a>) od wrze\u015bnia 2020 roku. Najpierw odpowiednik s\u0105du najwy\u017cszego diaspory ukara\u0142 odebraniem prawa wyborczego jedenastu cz\u0142onk\u00f3w sta\u0142ego komitetu Zgromadzenia Narodowego za prze\u0142o\u017cenie jesiennego posiedzenia z powodu pandemii (konstytucja wymaga, by obrady odbywa\u0142y si\u0119 co sze\u015b\u0107 miesi\u0119cy). Ukarani uwa\u017cali decyzj\u0119 za bezprawn\u0105, ale uzna\u0142a j\u0105 centralna komisja wyborcza, wydaj\u0105c stosowne polecenie delegaturom. Podczas nast\u0119pnego posiedzenia parlament zrewan\u017cowa\u0142 si\u0119 odwo\u0142aniem przewodnicz\u0105cego i obu s\u0119dzi\u00f3w Najwy\u017cszej Komisji Sprawiedliwo\u015bci.<\/p>\n<p>Konstytucyjny pat postawi\u0142 pod znakiem zapytania zaprzysi\u0119\u017cenie nowego <a href=\"https:\/\/tybet.hfhr.org.pl\/?p=11321\" target=\"_blank\" rel=\"noopener noreferrer\">sikjonga<\/a> i <a href=\"https:\/\/tybet.hfhr.org.pl\/?p=11830\" target=\"_blank\" rel=\"noopener noreferrer\">deputowanych<\/a> w 2021 roku. Impas uda\u0142o si\u0119 prze\u0142ama\u0107 dopiero pod koniec kadencji \u2013 w obliczu kolejnego kryzysu wywo\u0142anego przez prezydenta Trumpa i <a href=\"https:\/\/tybet.hfhr.org.pl\/?p=15893\" target=\"_blank\" rel=\"noopener noreferrer\">odebranie<\/a> diasporze przyznanych przez Kongres \u015brodk\u00f3w pomocowych. Now\u0105 przewodnicz\u0105c\u0105 Najwy\u017cszej Komisji Sprawiedliwo\u015bci zosta\u0142a Jesze \u0141angmo, dotychczasowa sekretarz.<\/p>\n","protected":false},"excerpt":{"rendered":"<p>Tybeta\u0144ski parlament na wychod\u017astwie \u2013 po pi\u0119ciu latach \u2013 zako\u0144czy\u0142 konstytucyjny kryzys, 29 marca powo\u0142uj\u0105c przewodnicz\u0105c\u0105, dw\u00f3ch s\u0119dzi\u00f3w Najwy\u017cszej Komisji Sprawiedliwo\u015bci i prezesa izby kontroli.<\/p>\n","protected":false},"author":1,"featured_media":0,"comment_status":"closed","ping_status":"closed","sticky":false,"template":"","format":"standard","meta":{"footnotes":""},"categories":[2,17],"tags":[24],"class_list":["post-15948","post","type-post","status-publish","format-standard","hentry","category-aktualnosci","category-hfpc","tag-diaspora"],"_links":{"self":[{"href":"https:\/\/tybet.hfhr.org.pl\/index.php?rest_route=\/wp\/v2\/posts\/15948","targetHints":{"allow":["GET"]}}],"collection":[{"href":"https:\/\/tybet.hfhr.org.pl\/index.php?rest_route=\/wp\/v2\/posts"}],"about":[{"href":"https:\/\/tybet.hfhr.org.pl\/index.php?rest_route=\/wp\/v2\/types\/post"}],"author":[{"embeddable":true,"href":"https:\/\/tybet.hfhr.org.pl\/index.php?rest_route=\/wp\/v2\/users\/1"}],"replies":[{"embeddable":true,"href":"https:\/\/tybet.hfhr.org.pl\/index.php?rest_route=%2Fwp%2Fv2%2Fcomments&post=15948"}],"version-history":[{"count":1,"href":"https:\/\/tybet.hfhr.org.pl\/index.php?rest_route=\/wp\/v2\/posts\/15948\/revisions"}],"predecessor-version":[{"id":15950,"href":"https:\/\/tybet.hfhr.org.pl\/index.php?rest_route=\/wp\/v2\/posts\/15948\/revisions\/15950"}],"wp:attachment":[{"href":"https:\/\/tybet.hfhr.org.pl\/index.php?rest_route=%2Fwp%2Fv2%2Fmedia&parent=15948"}],"wp:term":[{"taxonomy":"category","embeddable":true,"href":"https:\/\/tybet.hfhr.org.pl\/index.php?rest_route=%2Fwp%2Fv2%2Fcategories&post=15948"},{"taxonomy":"post_tag","embeddable":true,"href":"https:\/\/tybet.hfhr.org.pl\/index.php?rest_route=%2Fwp%2Fv2%2Ftags&post=15948"}],"curies":[{"name":"wp","href":"https:\/\/api.w.org\/{rel}","templated":true}]}}