{"id":16181,"date":"2025-06-16T06:29:45","date_gmt":"2025-06-16T04:29:45","guid":{"rendered":"https:\/\/tybet.hfhr.org.pl\/?p=16181"},"modified":"2025-06-15T08:39:04","modified_gmt":"2025-06-15T06:39:04","slug":"klepsydra-ragdi-1938-2025","status":"publish","type":"post","link":"https:\/\/tybet.hfhr.org.pl\/?p=16181","title":{"rendered":"Klepsydra: Ragdi (1938\u20132025)"},"content":{"rendered":"\n<p>Ragdi (chi\u0144. Raidi) \u2013 Tybeta\u0144czyk stoj\u0105cy najwy\u017cej w hierarchii chi\u0144skiego pa\u0144stwa \u2013 6 czerwca zmar\u0142 w Pekinie. W kremacji, kt\u00f3ra odby\u0142 si\u0119 sze\u015b\u0107 dni p\u00f3\u017aniej, wzi\u0119li udzia\u0142 najwy\u017csi przyw\u00f3dcy Komunistycznej Partii Chin z przewodnicz\u0105cym Xi Jinpingiem na czele.<\/p>\n<p><a href=\"https:\/\/tybet.hfhr.org.pl\/wp-content\/uploads\/2025\/06\/XiJinping-Ragdi-Pogrzeb-Pekin-12Czerwca2025-FotXinhua.jpg\"><img loading=\"lazy\" decoding=\"async\" class=\"alignnone size-medium wp-image-16182\" src=\"https:\/\/tybet.hfhr.org.pl\/wp-content\/uploads\/2025\/06\/XiJinping-Ragdi-Pogrzeb-Pekin-12Czerwca2025-FotXinhua-300x272.jpg\" alt=\"\" width=\"300\" height=\"272\" srcset=\"https:\/\/tybet.hfhr.org.pl\/wp-content\/uploads\/2025\/06\/XiJinping-Ragdi-Pogrzeb-Pekin-12Czerwca2025-FotXinhua-300x272.jpg 300w, https:\/\/tybet.hfhr.org.pl\/wp-content\/uploads\/2025\/06\/XiJinping-Ragdi-Pogrzeb-Pekin-12Czerwca2025-FotXinhua.jpg 639w\" sizes=\"auto, (max-width: 300px) 100vw, 300px\" \/><\/a><\/p>\n<p><!--more--><\/p>\n<p>Ragdi (chi\u0144. Raidi) urodzi\u0142 si\u0119 w 1938 roku w Biru, w Nagczu, w \u015brodkowym Tybecie. Ubodzy rodzice oddali go do lokalnego klasztoru. Zwerbowany przez Chi\u0144czyk\u00f3w w po\u0142owie lat pi\u0119\u0107dziesi\u0105tych, zosta\u0142 wys\u0142any do centralnej szkole partyjnej i w 1961 roku wst\u0105pi\u0142 do KPCh.<\/p>\n<p>Karier\u0119 zaczyna\u0142 w rodzinnym Nagczu w czasie rewolucji kulturalnej, podczas kt\u00f3rej zr\u0119cznie <a href=\"https:\/\/tybet.hfhr.org.pl\/?p=5331\" target=\"_blank\" rel=\"noopener noreferrer\">zmienia\u0142 frakcje<\/a>, \u201ewiedz\u0105c, jak przypodoba\u0107 si\u0119 towarzyszom z komitetu centralnego\u201d. W 1968 roku \u2013 dzi\u0119ki w\u0142a\u015bciwemu pochodzeniu klasowemu \u2013 zosta\u0142 jednym z zaledwie czterech tybeta\u0144skich cz\u0142onk\u00f3w dwudziestosiedmioosobowego Komitetu Rewolucyjnego Tybeta\u0144skiego Regionu Autonomicznego (TRA).<\/p>\n<p>W r\u00f3\u017cnych okresach Ragdi by\u0142 wiceprzewodnicz\u0105cym Komitetu Bezpiecze\u0144stwa w Nagczu, wiceprzewodnicz\u0105cym Komitetu Rewolucyjnego TRA, wiceprzewodnicz\u0105cym Komisji Dyscypliny TRA, przewodnicz\u0105cym Sta\u0142ego Komitetu Zgromadzenia Przedstawicieli Ludowych TRA, przewodnicz\u0105cym lokalnych struktur Og\u00f3lnochi\u0144skiej Ludowej Politycznej Konferencji Konsultatywnej, przewodnicz\u0105cym Sta\u0142ego Komitetu Zgromadzenia Przedstawicieli Ludowych TRA, dyrektorem szko\u0142y partyjnej TRA oraz wiceprzewodnicz\u0105cym komitetu partii TRA.<\/p>\n<p><a href=\"http:\/\/old.tybet.hfhr.org.pl\/raport.php?raport_id=172\" target=\"_blank\" rel=\"noopener noreferrer\">Wed\u0142ug historyka Ceringa Siakji<\/a> stanowiska zajmowane przez Ragdiego i podobnych mu Tybeta\u0144czyk\u00f3w \u201emo\u017cna co najwy\u017cej okre\u015bli\u0107 jako \u00bbeksponowane\u00ab, gdy\u017c ich obecno\u015b\u0107 nie mia\u0142a \u017cadnego wp\u0142ywu na bieg wydarze\u0144. Najlepszym dowodem na dekoracyjny charakter ich r\u00f3l jest fakt, i\u017c przetrwali tak wiele epok i radykalnych zmian w kr\u0119gu przyw\u00f3dc\u00f3w. Dowiedli po prostu, \u017ce nie stanowi\u0105 \u017cadnego zagro\u017cenia i \u017ce nie uprawiaj\u0105 w\u0142asnej polityki. Zdobyli w ten spos\u00f3b reputacj\u0119 godnych zaufania urz\u0119dnik\u00f3w, kt\u00f3rych mo\u017cna trzyma\u0107 na wysokich sto\u0142kach jako dow\u00f3d udzia\u0142u Tybeta\u0144czyk\u00f3w w procesie decyzyjnym\u201d.<\/p>\n<p>W po\u0142owie lat dziewi\u0119\u0107dziesi\u0105tych sta\u0142 si\u0119 tybeta\u0144sk\u0105 twarz\u0105 nowej agresywnej polityki Pekinu wobec Dalajlamy.<\/p>\n<p>Po zako\u0144czeniu pracy w Tybecie w 2003 roku zosta\u0142 nagrodzony fotelem wiceprzewodnicz\u0105cego Sta\u0142ego Komitetu Og\u00f3lnochi\u0144skiego Zgromadzenia Przedstawicieli Ludowych (OLPKK) w Pekinie. We wrze\u015bniu 2019 roku otrzyma\u0142 honorowy tytu\u0142 \u201eZas\u0142u\u017conego utrwalacza etnicznej jedno\u015bci\u201d. W sierpniu 2001 roku przyj\u0105\u0142 w Lhasie <a href=\"http:\/\/old.tybet.hfhr.org.pl\/delegacja.html\" target=\"_blank\" rel=\"noopener noreferrer\">delegacj\u0119 polskiego Sejmu<\/a> i obieca\u0142 \u201ew najbli\u017cszym czasie\u201d wys\u0142a\u0107 do Warszawy aktualne zdj\u0119cia Genduna Czokji Nimy, uprowadzonego przez Chi\u0144czyk\u00f3w Panczenlamy. Nigdy si\u0119 z tego nie wywi\u0105za\u0142.<\/p>\n<p>Wed\u0142ug <a href=\"http:\/\/en.cppcc.gov.cn\/2025-06\/13\/c_1100308.htm\" target=\"_blank\" rel=\"noopener noreferrer\">komunikatu OLPKK<\/a> Ragdi zosta\u0142 pochowany na cmentarzu rewolucjonist\u00f3w w Pekinie. W uroczystej kremacji wzi\u0119li udzia\u0142 przyw\u00f3dcy partii z Xi Jinpingiem na czele, kt\u00f3rzy \u201eprzy akompaniamencie uroczystej muzyki wolno podeszli do cia\u0142a Ragdiego i stan\u0119li w milcz\u0105cym ho\u0142dzie. Nast\u0119pnie oddali ostatni ho\u0142d trzema uk\u0142onami, u\u015bcisn\u0119li d\u0142onie i z\u0142o\u017cyli kondolencje krewnym zmar\u0142ego\u201d.<\/p>\n<p>W komunikacie \u2013 opatrzonym zdj\u0119ciem Xi Jinpinga, a nie zmar\u0142ego \u2013 napisano, \u017ce \u201eRagdi by\u0142 wzorowym cz\u0142onkiem Komunistycznej Partii Chin, lojalnym \u017co\u0142nierzem komunizmu, wybitnym liderem pracy nad kwesti\u0105 etniczn\u0105 i rozwojem socjalistycznego systemu prawnego oraz wspania\u0142ym synem narodu tybeta\u0144skiego\u201d.<\/p>\n","protected":false},"excerpt":{"rendered":"<p>Ragdi (chi\u0144. Raidi) \u2013 Tybeta\u0144czyk stoj\u0105cy najwy\u017cej w hierarchii chi\u0144skiego pa\u0144stwa \u2013 6 czerwca zmar\u0142 w Pekinie. W kremacji, kt\u00f3ra odby\u0142 si\u0119 sze\u015b\u0107 dni p\u00f3\u017aniej, wzi\u0119li udzia\u0142 najwy\u017csi przyw\u00f3dcy Komunistycznej Partii Chin z przewodnicz\u0105cym Xi Jinpingiem na czele.<\/p>\n","protected":false},"author":1,"featured_media":0,"comment_status":"closed","ping_status":"closed","sticky":false,"template":"","format":"standard","meta":{"footnotes":""},"categories":[2,17],"tags":[26],"class_list":["post-16181","post","type-post","status-publish","format-standard","hentry","category-aktualnosci","category-hfpc","tag-polityka"],"_links":{"self":[{"href":"https:\/\/tybet.hfhr.org.pl\/index.php?rest_route=\/wp\/v2\/posts\/16181","targetHints":{"allow":["GET"]}}],"collection":[{"href":"https:\/\/tybet.hfhr.org.pl\/index.php?rest_route=\/wp\/v2\/posts"}],"about":[{"href":"https:\/\/tybet.hfhr.org.pl\/index.php?rest_route=\/wp\/v2\/types\/post"}],"author":[{"embeddable":true,"href":"https:\/\/tybet.hfhr.org.pl\/index.php?rest_route=\/wp\/v2\/users\/1"}],"replies":[{"embeddable":true,"href":"https:\/\/tybet.hfhr.org.pl\/index.php?rest_route=%2Fwp%2Fv2%2Fcomments&post=16181"}],"version-history":[{"count":1,"href":"https:\/\/tybet.hfhr.org.pl\/index.php?rest_route=\/wp\/v2\/posts\/16181\/revisions"}],"predecessor-version":[{"id":16183,"href":"https:\/\/tybet.hfhr.org.pl\/index.php?rest_route=\/wp\/v2\/posts\/16181\/revisions\/16183"}],"wp:attachment":[{"href":"https:\/\/tybet.hfhr.org.pl\/index.php?rest_route=%2Fwp%2Fv2%2Fmedia&parent=16181"}],"wp:term":[{"taxonomy":"category","embeddable":true,"href":"https:\/\/tybet.hfhr.org.pl\/index.php?rest_route=%2Fwp%2Fv2%2Fcategories&post=16181"},{"taxonomy":"post_tag","embeddable":true,"href":"https:\/\/tybet.hfhr.org.pl\/index.php?rest_route=%2Fwp%2Fv2%2Ftags&post=16181"}],"curies":[{"name":"wp","href":"https:\/\/api.w.org\/{rel}","templated":true}]}}