{"id":16232,"date":"2025-07-10T06:29:52","date_gmt":"2025-07-10T04:29:52","guid":{"rendered":"https:\/\/tybet.hfhr.org.pl\/?p=16232"},"modified":"2025-07-07T06:38:41","modified_gmt":"2025-07-07T04:38:41","slug":"urodzinowe-restrykcje-w-klasztorach-tybetu","status":"publish","type":"post","link":"https:\/\/tybet.hfhr.org.pl\/?p=16232","title":{"rendered":"\u201eUrodzinowe\u201d restrykcje w klasztorach Tybetu"},"content":{"rendered":"\n<p>Tybeta\u0144skie \u017ar\u00f3d\u0142a informuj\u0105, \u017ce w czerwcu w\u0142adze chi\u0144skie zacz\u0119\u0142y wprowadza\u0107 restrykcje przed (przypadaj\u0105cymi 6 lipca) dziewi\u0119\u0107dziesi\u0105tymi urodzinami Dalajlamy.<\/p>\n<p><a href=\"https:\/\/tybet.hfhr.org.pl\/wp-content\/uploads\/2025\/06\/Dalajlama-Obraz-Potala-Urodziny-StoLat.jpg\"><img loading=\"lazy\" decoding=\"async\" class=\"alignnone size-medium wp-image-16233\" src=\"https:\/\/tybet.hfhr.org.pl\/wp-content\/uploads\/2025\/06\/Dalajlama-Obraz-Potala-Urodziny-StoLat-300x225.jpg\" alt=\"\" width=\"300\" height=\"225\" srcset=\"https:\/\/tybet.hfhr.org.pl\/wp-content\/uploads\/2025\/06\/Dalajlama-Obraz-Potala-Urodziny-StoLat-300x225.jpg 300w, https:\/\/tybet.hfhr.org.pl\/wp-content\/uploads\/2025\/06\/Dalajlama-Obraz-Potala-Urodziny-StoLat-768x576.jpg 768w, https:\/\/tybet.hfhr.org.pl\/wp-content\/uploads\/2025\/06\/Dalajlama-Obraz-Potala-Urodziny-StoLat-1024x768.jpg 1024w, https:\/\/tybet.hfhr.org.pl\/wp-content\/uploads\/2025\/06\/Dalajlama-Obraz-Potala-Urodziny-StoLat.jpg 1366w\" sizes=\"auto, (max-width: 300px) 100vw, 300px\" \/><\/a><\/p>\n<p><!--more--><\/p>\n<p>Wed\u0142ug doniesie\u0144 z r\u00f3\u017cnych region\u00f3w mnichom zakazano opuszczania klasztor\u00f3w.<\/p>\n<p>Wyj\u015bcie poza mury kompleksu wymaga \u201especjalnego zezwolenia\u201d, a duchowni, kt\u00f3rzy opuszczaj\u0105 \u015bwi\u0105tyni\u0119, musz\u0105 \u201ezdeponowa\u0107 dokument to\u017csamo\u015bci u chi\u0144skich nadzorc\u00f3w\u201d, odpowiedziawszy wcze\u015bniej na \u201edziesi\u0105tki pyta\u0144 o to, gdzie si\u0119 udaj\u0105, po co, z kim, na jak d\u0142ugo i tak dalej\u201d.<\/p>\n<p>\u201eW wi\u0119zieniach wci\u0105\u017c siedzi wiele os\u00f3b, <a href=\"https:\/\/tybet.hfhr.org.pl\/?p=8793\" target=\"_blank\" rel=\"noopener noreferrer\">skazanych<\/a> za obchodzenie poprzednich okr\u0105g\u0142ych, osiemdziesi\u0105tych urodzin Jego \u015awi\u0105tobliwo\u015bci\u201d.<\/p>\n","protected":false},"excerpt":{"rendered":"<p>Tybeta\u0144skie \u017ar\u00f3d\u0142a informuj\u0105, \u017ce w czerwcu w\u0142adze chi\u0144skie zacz\u0119\u0142y wprowadza\u0107 restrykcje przed (przypadaj\u0105cymi 6 lipca) dziewi\u0119\u0107dziesi\u0105tymi urodzinami Dalajlamy.<\/p>\n","protected":false},"author":1,"featured_media":0,"comment_status":"closed","ping_status":"closed","sticky":false,"template":"","format":"standard","meta":{"footnotes":""},"categories":[2,17],"tags":[49,26],"class_list":["post-16232","post","type-post","status-publish","format-standard","hentry","category-aktualnosci","category-hfpc","tag-dalajlama","tag-polityka"],"_links":{"self":[{"href":"https:\/\/tybet.hfhr.org.pl\/index.php?rest_route=\/wp\/v2\/posts\/16232","targetHints":{"allow":["GET"]}}],"collection":[{"href":"https:\/\/tybet.hfhr.org.pl\/index.php?rest_route=\/wp\/v2\/posts"}],"about":[{"href":"https:\/\/tybet.hfhr.org.pl\/index.php?rest_route=\/wp\/v2\/types\/post"}],"author":[{"embeddable":true,"href":"https:\/\/tybet.hfhr.org.pl\/index.php?rest_route=\/wp\/v2\/users\/1"}],"replies":[{"embeddable":true,"href":"https:\/\/tybet.hfhr.org.pl\/index.php?rest_route=%2Fwp%2Fv2%2Fcomments&post=16232"}],"version-history":[{"count":1,"href":"https:\/\/tybet.hfhr.org.pl\/index.php?rest_route=\/wp\/v2\/posts\/16232\/revisions"}],"predecessor-version":[{"id":16234,"href":"https:\/\/tybet.hfhr.org.pl\/index.php?rest_route=\/wp\/v2\/posts\/16232\/revisions\/16234"}],"wp:attachment":[{"href":"https:\/\/tybet.hfhr.org.pl\/index.php?rest_route=%2Fwp%2Fv2%2Fmedia&parent=16232"}],"wp:term":[{"taxonomy":"category","embeddable":true,"href":"https:\/\/tybet.hfhr.org.pl\/index.php?rest_route=%2Fwp%2Fv2%2Fcategories&post=16232"},{"taxonomy":"post_tag","embeddable":true,"href":"https:\/\/tybet.hfhr.org.pl\/index.php?rest_route=%2Fwp%2Fv2%2Ftags&post=16232"}],"curies":[{"name":"wp","href":"https:\/\/api.w.org\/{rel}","templated":true}]}}