{"id":1695,"date":"2015-07-20T06:51:43","date_gmt":"2015-07-20T04:51:43","guid":{"rendered":"http:\/\/www.hfhrpol.waw.pl\/tybet\/?p=1695"},"modified":"2015-07-23T07:32:32","modified_gmt":"2015-07-23T05:32:32","slug":"sonam-topgjal-list-pozegnalny","status":"publish","type":"post","link":"https:\/\/tybet.hfhr.org.pl\/?p=1695","title":{"rendered":"Sonam Topgjal: List po\u017cegnalny"},"content":{"rendered":"<p>Do przyw\u00f3dc\u00f3w chi\u0144skiego rz\u0105du, zw\u0142aszcza za\u015b tych lokalnych od mniejszo\u015bci. Mam dwadzie\u015bcia siedem lat, jestem synem Tasziego Canga z Nangczenu w Juszu, oraz mnichem, studiuj\u0105cym w kolegium klasztoru Dzongsar.<\/p>\n<p><!--more--><\/p>\n<p>Jak wiedz\u0105 wszyscy w tym kraju i poza jego granicami, rz\u0105d Chin nie interesuje si\u0119 faktyczn\u0105 sytuacj\u0105 mniejszo\u015bci i ma dla nich tylko polityk\u0119 brutalno\u015bci i represji. Prowadzi ona prosto do zag\u0142ady naszej religii, tradycji, kultury oraz \u015brodowiska naturalnego, a ludzie nie maj\u0105 cienia wolno\u015bci s\u0142owa ani mo\u017cliwo\u015bci zg\u0142aszania pretensji czy cho\u0107by rozmowy na ten temat. Co gorsza, ilekro\u0107 pr\u00f3buj\u0105 powiedzie\u0107 prawd\u0119 o swojej sytuacji czy wnie\u015b\u0107 gdzie\u015b skarg\u0119, zamiast problem rozwi\u0105za\u0107, w\u0142adza ma im do zaoferowania wy\u0142\u0105cznie przemoc i wi\u0119zienie. Innym elementem polityki zak\u0142amania jest zamykanie dost\u0119pu do instytucji religijnych mnichom i mniszkom. S\u0142owem, wszystko, co robi\u0105, zmierza do ca\u0142kowitej zag\u0142ady mniejszo\u015bci.<\/p>\n<p>Nasz g\u0142\u00f3wny cel to powr\u00f3t Jego \u015awi\u0105tobliwo\u015bci Dalajlamy do pa\u0142acu Potala. Po\u015bwi\u0119cam \u017cycie, \u017ceby pokaza\u0107 \u015bwiatu, zw\u0142aszcza za\u015b mieszka\u0144com Chin i w\u0142adzom tego pa\u0144stwa, \u017ce nie dano nam \u017cadnej mo\u017cliwo\u015bci m\u00f3wienia o niesprawiedliwo\u015bciach, kt\u00f3re nam wyrz\u0105dzaj\u0105.<\/p>\n<p>A krew z krwi, tybeta\u0144skich braci i siostry prosz\u0119: nie st\u00f3jcie z boku, jakby\u015bcie byli \u015blepi i g\u0142usi. Trzymajcie si\u0119 razem, b\u0105d\u017acie silni i pracujcie ze wszystkich si\u0142 na rzecz naszej s\u0142usznej sprawy i ostatecznego zwyci\u0119stwa.<\/p>\n<p>O wschodzie s\u0142o\u0144ca 1 lipca 2015 roku,<\/p>\n<p>Mnich Sonam Topgjal<\/p>\n<p>&nbsp;<\/p>\n<p><a href=\"http:\/\/www.hfhrpol.waw.pl\/tybet\/wp-content\/uploads\/2015\/07\/SonamTopgjal-Dziekundo9Lipca2015-ListPozegnalny.jpg\"><img loading=\"lazy\" decoding=\"async\" class=\"alignnone size-medium wp-image-1696\" src=\"http:\/\/www.hfhrpol.waw.pl\/tybet\/wp-content\/uploads\/2015\/07\/SonamTopgjal-Dziekundo9Lipca2015-ListPozegnalny-225x300.jpg\" alt=\"SonamTopgjal-Dziekundo9Lipca2015-ListPozegnalny\" width=\"225\" height=\"300\" srcset=\"https:\/\/tybet.hfhr.org.pl\/wp-content\/uploads\/2015\/07\/SonamTopgjal-Dziekundo9Lipca2015-ListPozegnalny-225x300.jpg 225w, https:\/\/tybet.hfhr.org.pl\/wp-content\/uploads\/2015\/07\/SonamTopgjal-Dziekundo9Lipca2015-ListPozegnalny.jpg 720w\" sizes=\"auto, (max-width: 225px) 100vw, 225px\" \/><\/a><\/p>\n<p>&nbsp;<\/p>\n<p><span lang=\"pl-PL\">Dziewi\u0119\u0107 dni p\u00f3\u017aniej Sonam Topgjal <a href=\"http:\/\/www.hfhrpol.waw.pl\/tybet\/?p=1629\" target=\"_blank\">dokona\u0142 samospalenia<\/a> <\/span>na g\u0142\u00f3wnym placu w Dziekundo (chi\u0144. Jiegu), w prefekturze Juszu (chi\u0144. Yushu) prowincji Qinghai. Jego bliscy \u2013 <a href=\"http:\/\/www.hfhrpol.waw.pl\/Tybet\/raport.php?raport_id=1768\" target=\"_blank\">szykanowani<\/a> wcze\u015bniej w zwi\u0105zku ze spo\u0142ecznym zaanga\u017cowaniem <a href=\"http:\/\/www.hfhrpol.waw.pl\/tybet\/?p=1637\" target=\"_blank\">ojca<\/a> \u2013 zostali zatrzymani, kiedy za\u017c\u0105dali wydania zw\u0142ok, \u017ceby odprawi\u0107 tradycyjny pogrzeb.<\/p>\n","protected":false},"excerpt":{"rendered":"<p>Do przyw\u00f3dc\u00f3w chi\u0144skiego rz\u0105du, zw\u0142aszcza za\u015b tych lokalnych od mniejszo\u015bci. Mam dwadzie\u015bcia siedem lat, jestem synem Tasziego Canga z Nangczenu w Juszu, oraz mnichem, studiuj\u0105cym w kolegium klasztoru Dzongsar.<\/p>\n","protected":false},"author":1,"featured_media":1697,"comment_status":"closed","ping_status":"closed","sticky":false,"template":"","format":"standard","meta":{"footnotes":""},"categories":[4,7],"tags":[19,33],"class_list":["post-1695","post","type-post","status-publish","format-standard","has-post-thumbnail","hentry","category-teksty","category-z-perspektywy-tybetanczykow","tag-protesty-polityczne","tag-samospalenia"],"_links":{"self":[{"href":"https:\/\/tybet.hfhr.org.pl\/index.php?rest_route=\/wp\/v2\/posts\/1695","targetHints":{"allow":["GET"]}}],"collection":[{"href":"https:\/\/tybet.hfhr.org.pl\/index.php?rest_route=\/wp\/v2\/posts"}],"about":[{"href":"https:\/\/tybet.hfhr.org.pl\/index.php?rest_route=\/wp\/v2\/types\/post"}],"author":[{"embeddable":true,"href":"https:\/\/tybet.hfhr.org.pl\/index.php?rest_route=\/wp\/v2\/users\/1"}],"replies":[{"embeddable":true,"href":"https:\/\/tybet.hfhr.org.pl\/index.php?rest_route=%2Fwp%2Fv2%2Fcomments&post=1695"}],"version-history":[{"count":4,"href":"https:\/\/tybet.hfhr.org.pl\/index.php?rest_route=\/wp\/v2\/posts\/1695\/revisions"}],"predecessor-version":[{"id":1712,"href":"https:\/\/tybet.hfhr.org.pl\/index.php?rest_route=\/wp\/v2\/posts\/1695\/revisions\/1712"}],"wp:featuredmedia":[{"embeddable":true,"href":"https:\/\/tybet.hfhr.org.pl\/index.php?rest_route=\/wp\/v2\/media\/1697"}],"wp:attachment":[{"href":"https:\/\/tybet.hfhr.org.pl\/index.php?rest_route=%2Fwp%2Fv2%2Fmedia&parent=1695"}],"wp:term":[{"taxonomy":"category","embeddable":true,"href":"https:\/\/tybet.hfhr.org.pl\/index.php?rest_route=%2Fwp%2Fv2%2Fcategories&post=1695"},{"taxonomy":"post_tag","embeddable":true,"href":"https:\/\/tybet.hfhr.org.pl\/index.php?rest_route=%2Fwp%2Fv2%2Ftags&post=1695"}],"curies":[{"name":"wp","href":"https:\/\/api.w.org\/{rel}","templated":true}]}}