{"id":17209,"date":"2026-04-30T06:29:00","date_gmt":"2026-04-30T04:29:00","guid":{"rendered":"https:\/\/tybet.hfhr.org.pl\/?p=17209"},"modified":"2026-04-18T09:21:43","modified_gmt":"2026-04-18T07:21:43","slug":"zaginiecie-dwoch-mnichow-z-maczu","status":"publish","type":"post","link":"https:\/\/tybet.hfhr.org.pl\/?p=17209","title":{"rendered":"\u201eZagini\u0119cie\u201d dw\u00f3ch mnich\u00f3w z Maczu"},"content":{"rendered":"\n<p>\u201ePonad roku temu\u201d chi\u0144ska policja \u201euprowadzi\u0142a\u201d dw\u00f3ch mnich\u00f3w klasztoru Czu Khama w Maczu (chi\u0144. Maqu), w prefekturze Kanlho (chi\u0144. Gannan) prowincji Gansu.<\/p>\n<p><a href=\"https:\/\/tybet.hfhr.org.pl\/wp-content\/uploads\/2026\/04\/SamtenGjaco-DziamjangSamten-Mnisi-Maczu-Zatrzymani2025.jpg\"><img loading=\"lazy\" decoding=\"async\" class=\"alignnone size-medium wp-image-17210\" src=\"https:\/\/tybet.hfhr.org.pl\/wp-content\/uploads\/2026\/04\/SamtenGjaco-DziamjangSamten-Mnisi-Maczu-Zatrzymani2025-300x169.jpg\" alt=\"\" width=\"300\" height=\"169\" srcset=\"https:\/\/tybet.hfhr.org.pl\/wp-content\/uploads\/2026\/04\/SamtenGjaco-DziamjangSamten-Mnisi-Maczu-Zatrzymani2025-300x169.jpg 300w, https:\/\/tybet.hfhr.org.pl\/wp-content\/uploads\/2026\/04\/SamtenGjaco-DziamjangSamten-Mnisi-Maczu-Zatrzymani2025-768x434.jpg 768w, https:\/\/tybet.hfhr.org.pl\/wp-content\/uploads\/2026\/04\/SamtenGjaco-DziamjangSamten-Mnisi-Maczu-Zatrzymani2025.jpg 940w\" sizes=\"auto, (max-width: 300px) 100vw, 300px\" \/><\/a><\/p>\n<p><!--more--><\/p>\n<p>Wed\u0142ug tybeta\u0144skich \u017ar\u00f3de\u0142 Samtena Gjaco \u201ezabrali z klasztoru\u201d. Mnich by\u0142 wcze\u015bniej wielokrotnie przes\u0142uchiwany za \u201ezamieszczenie na platformie WeChat zdj\u0119cia Dalajlamy i ho\u0142du z okazji rocznicy przyznania Jego \u015awi\u0105tobliwo\u015bci Pokojowej Nagrody Nobla. Ci\u0105gle przeszukiwali mu te\u017c klasztorn\u0105 cel\u0119\u201d.<\/p>\n<p><a href=\"https:\/\/tybet.hfhr.org.pl\/wp-content\/uploads\/2026\/04\/SamtenGjaco-Mnich-Maczu-Zatrzymany2025-NoblowskiPostWeChat.jpg\"><img loading=\"lazy\" decoding=\"async\" class=\"alignnone size-medium wp-image-17212\" src=\"https:\/\/tybet.hfhr.org.pl\/wp-content\/uploads\/2026\/04\/SamtenGjaco-Mnich-Maczu-Zatrzymany2025-NoblowskiPostWeChat-300x222.jpg\" alt=\"\" width=\"300\" height=\"222\" srcset=\"https:\/\/tybet.hfhr.org.pl\/wp-content\/uploads\/2026\/04\/SamtenGjaco-Mnich-Maczu-Zatrzymany2025-NoblowskiPostWeChat-300x222.jpg 300w, https:\/\/tybet.hfhr.org.pl\/wp-content\/uploads\/2026\/04\/SamtenGjaco-Mnich-Maczu-Zatrzymany2025-NoblowskiPostWeChat-768x569.jpg 768w, https:\/\/tybet.hfhr.org.pl\/wp-content\/uploads\/2026\/04\/SamtenGjaco-Mnich-Maczu-Zatrzymany2025-NoblowskiPostWeChat.jpg 821w\" sizes=\"auto, (max-width: 300px) 100vw, 300px\" \/><\/a><\/p>\n<p>Dziamjang Samten \u201epoprzednio narazi\u0142 si\u0119, zak\u0142adaj\u0105c grup\u0119 wymiany ksi\u0105\u017cek. Oskar\u017cyli go o publikowanie bez zgody w\u0142adz i ISBN, ale wtedy zosta\u0142 do\u015b\u0107 szybko zwolniony. Tym razem wezwali go na komisariat, \u017ceby odebra\u0142 skonfiskowany telefon, i ju\u017c nie wr\u00f3ci\u0142\u201d.<\/p>\n<p>Nie uda\u0142o si\u0119 ustali\u0107, kiedy dok\u0142adnie dosz\u0142o do zatrzyma\u0144. \u201eNie wiadomo te\u017c, co im zarzucaj\u0105 i gdzie ich trzymaj\u0105\u201d.<\/p>\n","protected":false},"excerpt":{"rendered":"<p>\u201ePonad roku temu\u201d chi\u0144ska policja \u201euprowadzi\u0142a\u201d dw\u00f3ch mnich\u00f3w klasztoru Czu Khama w Maczu (chi\u0144. Maqu), w prefekturze Kanlho (chi\u0144. Gannan) prowincji Gansu.<\/p>\n","protected":false},"author":1,"featured_media":0,"comment_status":"closed","ping_status":"closed","sticky":false,"template":"","format":"standard","meta":{"footnotes":""},"categories":[2,17],"tags":[49,21],"class_list":["post-17209","post","type-post","status-publish","format-standard","hentry","category-aktualnosci","category-hfpc","tag-dalajlama","tag-zatrzymania"],"_links":{"self":[{"href":"https:\/\/tybet.hfhr.org.pl\/index.php?rest_route=\/wp\/v2\/posts\/17209","targetHints":{"allow":["GET"]}}],"collection":[{"href":"https:\/\/tybet.hfhr.org.pl\/index.php?rest_route=\/wp\/v2\/posts"}],"about":[{"href":"https:\/\/tybet.hfhr.org.pl\/index.php?rest_route=\/wp\/v2\/types\/post"}],"author":[{"embeddable":true,"href":"https:\/\/tybet.hfhr.org.pl\/index.php?rest_route=\/wp\/v2\/users\/1"}],"replies":[{"embeddable":true,"href":"https:\/\/tybet.hfhr.org.pl\/index.php?rest_route=%2Fwp%2Fv2%2Fcomments&post=17209"}],"version-history":[{"count":1,"href":"https:\/\/tybet.hfhr.org.pl\/index.php?rest_route=\/wp\/v2\/posts\/17209\/revisions"}],"predecessor-version":[{"id":17213,"href":"https:\/\/tybet.hfhr.org.pl\/index.php?rest_route=\/wp\/v2\/posts\/17209\/revisions\/17213"}],"wp:attachment":[{"href":"https:\/\/tybet.hfhr.org.pl\/index.php?rest_route=%2Fwp%2Fv2%2Fmedia&parent=17209"}],"wp:term":[{"taxonomy":"category","embeddable":true,"href":"https:\/\/tybet.hfhr.org.pl\/index.php?rest_route=%2Fwp%2Fv2%2Fcategories&post=17209"},{"taxonomy":"post_tag","embeddable":true,"href":"https:\/\/tybet.hfhr.org.pl\/index.php?rest_route=%2Fwp%2Fv2%2Ftags&post=17209"}],"curies":[{"name":"wp","href":"https:\/\/api.w.org\/{rel}","templated":true}]}}