{"id":2292,"date":"2015-12-05T09:11:25","date_gmt":"2015-12-05T08:11:25","guid":{"rendered":"http:\/\/www.hfhrpol.waw.pl\/tybet\/?p=2292"},"modified":"2018-03-12T13:28:28","modified_gmt":"2018-03-12T12:28:28","slug":"zatrzymanie-dwoch-mnichow-w-ngabie","status":"publish","type":"post","link":"https:\/\/tybet.hfhr.org.pl\/?p=2292","title":{"rendered":"Zatrzymanie dw\u00f3ch mnich\u00f3w w Ngabie"},"content":{"rendered":"<p>Wed\u0142ug tybeta\u0144skich \u017ar\u00f3de\u0142 30 listopada w klasztorze Kirti, w Ngabie (chi\u0144. Aba), w prowincji Sichuan zatrzymano dwudziestoo\u015bmioletniego Lobsanga Genphela.<\/p>\n<p><a href=\"http:\/\/www.hfhrpol.waw.pl\/tybet\/wp-content\/uploads\/2015\/12\/LobsangGenphel-MnichKirtiNgaba-Zatrzymany30Listopada2015.jpg\"><img loading=\"lazy\" decoding=\"async\" class=\"alignnone size-medium wp-image-2293\" src=\"http:\/\/www.hfhrpol.waw.pl\/tybet\/wp-content\/uploads\/2015\/12\/LobsangGenphel-MnichKirtiNgaba-Zatrzymany30Listopada2015-286x300.jpg\" alt=\"LobsangGenphel-MnichKirtiNgaba-Zatrzymany30Listopada2015\" width=\"286\" height=\"300\" srcset=\"https:\/\/tybet.hfhr.org.pl\/wp-content\/uploads\/2015\/12\/LobsangGenphel-MnichKirtiNgaba-Zatrzymany30Listopada2015-286x300.jpg 286w, https:\/\/tybet.hfhr.org.pl\/wp-content\/uploads\/2015\/12\/LobsangGenphel-MnichKirtiNgaba-Zatrzymany30Listopada2015.jpg 500w\" sizes=\"auto, (max-width: 286px) 100vw, 286px\" \/><\/a><\/p>\n<p><!--more--><\/p>\n<p>Funkcjonariusze policji wtargn\u0119li do klasztornego dormitorium noc\u0105. Nie wiadomo, co si\u0119 zarzuca zatrzymanemu mnichowi i gdzie jest przetrzymywany.<\/p>\n<p>Lobsang Genphel, kt\u00f3ry odpowiada\u0142 za kolegium medyczne w Kirti, sp\u0119dzi\u0142 ju\u017c w wi\u0119zieniu niemal trzy lata. Aresztowano go w maju 2011 roku i skazano po wielomiesi\u0119cznym \u015bledztwie. Zosta\u0142 zwolniony na kilka miesi\u0119cy przed terminem.<\/p>\n<p><a href=\"http:\/\/www.hfhrpol.waw.pl\/tybet\/wp-content\/uploads\/2015\/12\/Dukdra-MnichKirtiNgaba-ZatrzymanyListopad2015.jpg\"><img loading=\"lazy\" decoding=\"async\" class=\"alignnone size-medium wp-image-2294\" src=\"http:\/\/www.hfhrpol.waw.pl\/tybet\/wp-content\/uploads\/2015\/12\/Dukdra-MnichKirtiNgaba-ZatrzymanyListopad2015-300x222.jpg\" alt=\"Dukdra-MnichKirtiNgaba-ZatrzymanyListopad2015\" width=\"300\" height=\"222\" srcset=\"https:\/\/tybet.hfhr.org.pl\/wp-content\/uploads\/2015\/12\/Dukdra-MnichKirtiNgaba-ZatrzymanyListopad2015-300x222.jpg 300w, https:\/\/tybet.hfhr.org.pl\/wp-content\/uploads\/2015\/12\/Dukdra-MnichKirtiNgaba-ZatrzymanyListopad2015.jpg 500w\" sizes=\"auto, (max-width: 300px) 100vw, 300px\" \/><\/a><\/p>\n<p>Drugi z zatrzymanych mnich\u00f3w nazywa si\u0119 Drukdra. On tak\u017ce by\u0142 wcze\u015bniej wi\u0119ziony za udzia\u0142 w protestach. W <a href=\"http:\/\/tybet.hfhr.org.pl\/?p=6039\" target=\"_blank\" rel=\"noopener\">2008 roku<\/a> skazano go na szesna\u015bcie miesi\u0119cy pozbawienia wolno\u015bci.<\/p>\n<p>We wrze\u015bniu policja <a href=\"http:\/\/www.hfhrpol.waw.pl\/tybet\/?p=2046\" target=\"_blank\" rel=\"noopener\">zatrzyma\u0142a<\/a> kilku mnich\u00f3w Kirti \u2013 pierwszego <a href=\"http:\/\/www.hfhrpol.waw.pl\/Tybet\/conowego2011.php\" target=\"_blank\" rel=\"noopener\">epicentrum<\/a> tybeta\u0144skich samospale\u0144 \u2013 za udzia\u0142 w symbolicznych, jednoosobowych \u201edemonstracjach\u201d, a na pocz\u0105tku listopada <a href=\"http:\/\/www.hfhrpol.waw.pl\/tybet\/?p=2283\" target=\"_blank\" rel=\"noopener\">skazano<\/a> dw\u00f3ch nastoletnich duchownych, kt\u00f3rzy podj\u0119li podobne protesty p\u00f3\u0142 roku wcze\u015bniej.<\/p>\n","protected":false},"excerpt":{"rendered":"<p>Wed\u0142ug tybeta\u0144skich \u017ar\u00f3de\u0142 30 listopada w klasztorze Kirti, w Ngabie (chi\u0144. Aba), w prowincji Sichuan zatrzymano dwudziestoo\u015bmioletniego Lobsanga Genphela.<\/p>\n","protected":false},"author":1,"featured_media":0,"comment_status":"closed","ping_status":"closed","sticky":false,"template":"","format":"standard","meta":{"footnotes":""},"categories":[2,17],"tags":[19,21],"class_list":["post-2292","post","type-post","status-publish","format-standard","hentry","category-aktualnosci","category-hfpc","tag-protesty-polityczne","tag-zatrzymania"],"_links":{"self":[{"href":"https:\/\/tybet.hfhr.org.pl\/index.php?rest_route=\/wp\/v2\/posts\/2292","targetHints":{"allow":["GET"]}}],"collection":[{"href":"https:\/\/tybet.hfhr.org.pl\/index.php?rest_route=\/wp\/v2\/posts"}],"about":[{"href":"https:\/\/tybet.hfhr.org.pl\/index.php?rest_route=\/wp\/v2\/types\/post"}],"author":[{"embeddable":true,"href":"https:\/\/tybet.hfhr.org.pl\/index.php?rest_route=\/wp\/v2\/users\/1"}],"replies":[{"embeddable":true,"href":"https:\/\/tybet.hfhr.org.pl\/index.php?rest_route=%2Fwp%2Fv2%2Fcomments&post=2292"}],"version-history":[{"count":3,"href":"https:\/\/tybet.hfhr.org.pl\/index.php?rest_route=\/wp\/v2\/posts\/2292\/revisions"}],"predecessor-version":[{"id":6114,"href":"https:\/\/tybet.hfhr.org.pl\/index.php?rest_route=\/wp\/v2\/posts\/2292\/revisions\/6114"}],"wp:attachment":[{"href":"https:\/\/tybet.hfhr.org.pl\/index.php?rest_route=%2Fwp%2Fv2%2Fmedia&parent=2292"}],"wp:term":[{"taxonomy":"category","embeddable":true,"href":"https:\/\/tybet.hfhr.org.pl\/index.php?rest_route=%2Fwp%2Fv2%2Fcategories&post=2292"},{"taxonomy":"post_tag","embeddable":true,"href":"https:\/\/tybet.hfhr.org.pl\/index.php?rest_route=%2Fwp%2Fv2%2Ftags&post=2292"}],"curies":[{"name":"wp","href":"https:\/\/api.w.org\/{rel}","templated":true}]}}