{"id":2612,"date":"2016-02-25T06:51:42","date_gmt":"2016-02-25T05:51:42","guid":{"rendered":"http:\/\/www.hfhrpol.waw.pl\/tybet\/?p=2612"},"modified":"2016-02-26T06:44:00","modified_gmt":"2016-02-26T05:44:00","slug":"dongkar-jonten-gjaco-klika-rzeczy-zbednych","status":"publish","type":"post","link":"https:\/\/tybet.hfhr.org.pl\/?p=2612","title":{"rendered":"Dongkar Jonten Gjaco: Kilka rzeczy zb\u0119dnych"},"content":{"rendered":"<p>Po pierwsze, nie trzeba nam tulku, kt\u00f3rzy nie s\u0142u\u017c\u0105 swoim klasztorom ani spo\u0142eczno\u015bci.<\/p>\n<p>Szczeg\u00f3lnie szkodliwi dla buddyzmu oraz gospodarki regionu s\u0105 inkarnowani (z imienia) lamowie, kt\u00f3rzy nagminnie \u0142ami\u0105 \u015blubowania zakonne, nie maj\u0105 wykszta\u0142cenia duchowego i nie pracuj\u0105 dla Dharmy ani dla czuj\u0105cych istot. Wszyscy musz\u0105 przejrze\u0107 na oczy, strzec si\u0119 \u015blepej wiary, uprzedze\u0144, zach\u0142anno\u015bci i egoizmu, \u017ceby pewnie oddzieli\u0107 esencj\u0119 od fus\u00f3w.<\/p>\n<p><!--more--><\/p>\n<p>Po drugie, nie chcemy urz\u0119dnik\u00f3w bez \u015bwiadomo\u015bci narodowej.<\/p>\n<p>Wywodzicie si\u0119 z nacji, kt\u00f3ra ma to\u017csamo\u015b\u0107 i rodow\u00f3d, w\u0142asne pismo i mow\u0119, religi\u0119 i kultur\u0119, histori\u0119 i kraj. Nawet je\u015bli nie mo\u017cecie pom\u00f3c swym braciom i siostrom, przynajmniej ich nie krzywd\u017acie. Tymczasem pe\u0142no tu rodzimych aparatczyk\u00f3w, kt\u00f3rzy witaj\u0105 z otwartymi ramionami wrog\u00f3w zewn\u0119trznych, obdarowuj\u0105c ich ziemi\u0105 i wod\u0105. Potajemnie rabuj\u0105c naturalne bogactwa, okradacie nar\u00f3d i niszczycie gospodark\u0119. Oddaj\u0105c dzieci w r\u0119ce obcych, nie m\u00f3wi\u0105c i nie pisz\u0105c w ojczystym j\u0119zyku, jeste\u015bcie wrogami kultury. Nie rozumiej\u0105c etnicznych aspekt\u00f3w o\u015bwiaty i prawa, zmieniacie si\u0119 w demony uniemo\u017cliwiaj\u0105ce nam rozw\u00f3j. Tacy ludzie s\u0105 dok\u0142adnym zaprzeczeniem tego, czego \u2013 i dlaczego \u2013 potrzebuje tak ten kraj, jak zamieszkuj\u0105ce go nacje.<\/p>\n<p>Po trzecie, nic nam w Tybecie po szko\u0142ach, w kt\u00f3rych nie uczy si\u0119 j\u0119zyka tybeta\u0144skiego.<\/p>\n<p>Ur\u0105ga to nie tylko konstytucji pa\u0144stwa i ustawie o autonomii etnicznej, ale samej idei ochrony oraz wspierania j\u0119zyk\u00f3w i kultur. Z perspektywy narodu to k\u0142oda na drodze rozwoju i pole decyduj\u0105cej bitwy o to\u017csamo\u015b\u0107. Trzeba zrobi\u0107 wszystko, by spo\u0142ecze\u0144stwo i jego elity dobrze rozumia\u0142y prawo oraz patriotyzm w odniesieniu do pa\u0144stwa, nacji i kultury. Nie wolno nam roztrwoni\u0107 przysz\u0142o\u015bci nast\u0119pnego pokolenia w szko\u0142ach wypranych z sensu i tre\u015bci. Plac\u00f3wki, w kt\u00f3rych nie naucza si\u0119 rodzimego j\u0119zyka, s\u0105 najzwyczajniej grobami i jego, i to\u017csamo\u015bci narodowej.<\/p>\n<p>Po czwarte, nie trzeba nam przepis\u00f3w, kt\u00f3re k\u0142\u00f3c\u0105 si\u0119 z duchem czasu i miejsca.<\/p>\n<p>Wszelkie regulacje odnosz\u0105ce si\u0119 do polityki i religii musz\u0105 uwzgl\u0119dnia\u0107 specyfik\u0119 lokaln\u0105. Prawo zrodzone z uprzedze\u0144 i widzimisi\u0119, niedostosowane do potrzeb grup etnicznych, narzucane rozkazem i si\u0142\u0105 tr\u0105ci dyktatur\u0105 i nikomu nie s\u0142u\u017cy. Przepisy zgodne z duchem czasu i miejsca s\u0105 natomiast mile widziane oraz przestrzegane. W \u017cadnym razie nie wolno si\u0119 im przeciwstawia\u0107 w imi\u0119 egoistycznych interes\u00f3w czy rozg\u0142osu, ale te\u017c nie nale\u017cy powtarza\u0107 starych b\u0142\u0119d\u00f3w, zsy\u0142aj\u0105c rzeczy cho\u0107by i najpo\u017cyteczniejsze jak grom z jasnego nieba.<\/p>\n<p>&nbsp;<\/p>\n<p>&nbsp;<\/p>\n<p>19 stycznia 2016<\/p>\n<p>&nbsp;<\/p>\n<p>&nbsp;<\/p>\n<p>Za <a href=\"http:\/\/www.merabsarpa.com\/\" target=\"_blank\">Merabsarpa<\/a><\/p>\n","protected":false},"excerpt":{"rendered":"<p>Po pierwsze, nie trzeba nam tulku, kt\u00f3rzy nie s\u0142u\u017c\u0105 swoim klasztorom ani spo\u0142eczno\u015bci. Szczeg\u00f3lnie szkodliwi dla buddyzmu oraz gospodarki regionu s\u0105 inkarnowani (z imienia) lamowie, kt\u00f3rzy nagminnie \u0142ami\u0105 \u015blubowania zakonne, nie maj\u0105 wykszta\u0142cenia duchowego i nie pracuj\u0105 dla Dharmy ani dla czuj\u0105cych istot. Wszyscy musz\u0105 przejrze\u0107 na oczy, strzec si\u0119 \u015blepej wiary, uprzedze\u0144, zach\u0142anno\u015bci i [&hellip;]<\/p>\n","protected":false},"author":1,"featured_media":2613,"comment_status":"closed","ping_status":"closed","sticky":false,"template":"","format":"standard","meta":{"footnotes":""},"categories":[4,7],"tags":[23,28,44,31,26],"class_list":["post-2612","post","type-post","status-publish","format-standard","has-post-thumbnail","hentry","category-teksty","category-z-perspektywy-tybetanczykow","tag-buddyzm","tag-edukacja","tag-jezyk","tag-marginalizacja","tag-polityka"],"_links":{"self":[{"href":"https:\/\/tybet.hfhr.org.pl\/index.php?rest_route=\/wp\/v2\/posts\/2612","targetHints":{"allow":["GET"]}}],"collection":[{"href":"https:\/\/tybet.hfhr.org.pl\/index.php?rest_route=\/wp\/v2\/posts"}],"about":[{"href":"https:\/\/tybet.hfhr.org.pl\/index.php?rest_route=\/wp\/v2\/types\/post"}],"author":[{"embeddable":true,"href":"https:\/\/tybet.hfhr.org.pl\/index.php?rest_route=\/wp\/v2\/users\/1"}],"replies":[{"embeddable":true,"href":"https:\/\/tybet.hfhr.org.pl\/index.php?rest_route=%2Fwp%2Fv2%2Fcomments&post=2612"}],"version-history":[{"count":3,"href":"https:\/\/tybet.hfhr.org.pl\/index.php?rest_route=\/wp\/v2\/posts\/2612\/revisions"}],"predecessor-version":[{"id":2616,"href":"https:\/\/tybet.hfhr.org.pl\/index.php?rest_route=\/wp\/v2\/posts\/2612\/revisions\/2616"}],"wp:featuredmedia":[{"embeddable":true,"href":"https:\/\/tybet.hfhr.org.pl\/index.php?rest_route=\/wp\/v2\/media\/2613"}],"wp:attachment":[{"href":"https:\/\/tybet.hfhr.org.pl\/index.php?rest_route=%2Fwp%2Fv2%2Fmedia&parent=2612"}],"wp:term":[{"taxonomy":"category","embeddable":true,"href":"https:\/\/tybet.hfhr.org.pl\/index.php?rest_route=%2Fwp%2Fv2%2Fcategories&post=2612"},{"taxonomy":"post_tag","embeddable":true,"href":"https:\/\/tybet.hfhr.org.pl\/index.php?rest_route=%2Fwp%2Fv2%2Ftags&post=2612"}],"curies":[{"name":"wp","href":"https:\/\/api.w.org\/{rel}","templated":true}]}}