{"id":2657,"date":"2016-03-05T08:30:37","date_gmt":"2016-03-05T07:30:37","guid":{"rendered":"http:\/\/www.hfhrpol.waw.pl\/tybet\/?p=2657"},"modified":"2016-03-06T06:09:21","modified_gmt":"2016-03-06T05:09:21","slug":"naciski-na-bliskich-samospalenca-z-njagczu","status":"publish","type":"post","link":"https:\/\/tybet.hfhr.org.pl\/?p=2657","title":{"rendered":"Naciski na bliskich samospale\u0144ca z Njagczu"},"content":{"rendered":"<p>Wed\u0142ug tybeta\u0144skich \u017ar\u00f3de\u0142 w\u0142adze odci\u0119\u0142y od \u015bwiata najbli\u017cszych Kelsanga \u0141angdu, kt\u00f3ry 29 lutego <a href=\"http:\/\/www.hfhrpol.waw.pl\/tybet\/?p=2629\" target=\"_blank\">dokona\u0142 samospalenia<\/a> w Njagczu (chi\u0144. Yajiang), w prefekturze Kardze (chi\u0144. Ganzi) prowincji Sichuan.<\/p>\n<p><a href=\"http:\/\/www.hfhrpol.waw.pl\/tybet\/wp-content\/uploads\/2016\/03\/Samospalenie-KelsangLangdu-Njagczu29Lutego2016.jpg\" rel=\"attachment wp-att-2658\"><img loading=\"lazy\" decoding=\"async\" class=\"alignnone size-medium wp-image-2658\" src=\"http:\/\/www.hfhrpol.waw.pl\/tybet\/wp-content\/uploads\/2016\/03\/Samospalenie-KelsangLangdu-Njagczu29Lutego2016-180x300.jpg\" alt=\"Samospalenie-KelsangLangdu-Njagczu29Lutego2016\" width=\"180\" height=\"300\" srcset=\"https:\/\/tybet.hfhr.org.pl\/wp-content\/uploads\/2016\/03\/Samospalenie-KelsangLangdu-Njagczu29Lutego2016-180x300.jpg 180w, https:\/\/tybet.hfhr.org.pl\/wp-content\/uploads\/2016\/03\/Samospalenie-KelsangLangdu-Njagczu29Lutego2016.jpg 314w\" sizes=\"auto, (max-width: 180px) 100vw, 180px\" \/><\/a><\/p>\n<p><!--more--><\/p>\n<p>Osiemnastoletni mnich wzi\u0105\u0142 kilkudniowy \u201eurlop\u201d z klasztoru, podczas kt\u00f3rego odprawia\u0142 rytua\u0142y za zmar\u0142ego z rodzinnej wioski i modli\u0142 si\u0119 w domu rodzic\u00f3w. Podpalaj\u0105c si\u0119, wo\u0142a\u0142 o niepodleg\u0142o\u015b\u0107 Tybetu i d\u0142ugie \u017cycie Dalajlamy.<\/p>\n<p>Kelsang \u0141angdu zmar\u0142 w drodze do szpitala, bliscy wr\u00f3cili ze zw\u0142okami do domu, kt\u00f3ry natychmiast obstawi\u0142a policja. Urz\u0119dnicy usi\u0142owali nie dopu\u015bci\u0107 do upublicznienia informacji o samospaleniu i zmuszaj\u0105 krewnych do podpisania o\u015bwiadczenia, \u017ce mnich zgin\u0105\u0142 w po\u017carze.<\/p>\n<p>&nbsp;<\/p>\n","protected":false},"excerpt":{"rendered":"<p>Wed\u0142ug tybeta\u0144skich \u017ar\u00f3de\u0142 w\u0142adze odci\u0119\u0142y od \u015bwiata najbli\u017cszych Kelsanga \u0141angdu, kt\u00f3ry 29 lutego dokona\u0142 samospalenia w Njagczu (chi\u0144. Yajiang), w prefekturze Kardze (chi\u0144. Ganzi) prowincji Sichuan.<\/p>\n","protected":false},"author":1,"featured_media":0,"comment_status":"closed","ping_status":"closed","sticky":false,"template":"","format":"standard","meta":{"footnotes":""},"categories":[2,17],"tags":[19,33],"class_list":["post-2657","post","type-post","status-publish","format-standard","hentry","category-aktualnosci","category-hfpc","tag-protesty-polityczne","tag-samospalenia"],"_links":{"self":[{"href":"https:\/\/tybet.hfhr.org.pl\/index.php?rest_route=\/wp\/v2\/posts\/2657","targetHints":{"allow":["GET"]}}],"collection":[{"href":"https:\/\/tybet.hfhr.org.pl\/index.php?rest_route=\/wp\/v2\/posts"}],"about":[{"href":"https:\/\/tybet.hfhr.org.pl\/index.php?rest_route=\/wp\/v2\/types\/post"}],"author":[{"embeddable":true,"href":"https:\/\/tybet.hfhr.org.pl\/index.php?rest_route=\/wp\/v2\/users\/1"}],"replies":[{"embeddable":true,"href":"https:\/\/tybet.hfhr.org.pl\/index.php?rest_route=%2Fwp%2Fv2%2Fcomments&post=2657"}],"version-history":[{"count":2,"href":"https:\/\/tybet.hfhr.org.pl\/index.php?rest_route=\/wp\/v2\/posts\/2657\/revisions"}],"predecessor-version":[{"id":2661,"href":"https:\/\/tybet.hfhr.org.pl\/index.php?rest_route=\/wp\/v2\/posts\/2657\/revisions\/2661"}],"wp:attachment":[{"href":"https:\/\/tybet.hfhr.org.pl\/index.php?rest_route=%2Fwp%2Fv2%2Fmedia&parent=2657"}],"wp:term":[{"taxonomy":"category","embeddable":true,"href":"https:\/\/tybet.hfhr.org.pl\/index.php?rest_route=%2Fwp%2Fv2%2Fcategories&post=2657"},{"taxonomy":"post_tag","embeddable":true,"href":"https:\/\/tybet.hfhr.org.pl\/index.php?rest_route=%2Fwp%2Fv2%2Ftags&post=2657"}],"curies":[{"name":"wp","href":"https:\/\/api.w.org\/{rel}","templated":true}]}}