{"id":2709,"date":"2016-03-24T07:09:58","date_gmt":"2016-03-24T06:09:58","guid":{"rendered":"http:\/\/www.hfhrpol.waw.pl\/tybet\/?p=2709"},"modified":"2018-03-12T12:48:35","modified_gmt":"2018-03-12T11:48:35","slug":"zwolnienie-okaleczonego-wieznia-z-serszulu","status":"publish","type":"post","link":"https:\/\/tybet.hfhr.org.pl\/?p=2709","title":{"rendered":"Zwolnienie okaleczonego wi\u0119\u017ania z Serszulu"},"content":{"rendered":"<p>Do rodzinnego Serszulu (chi\u0144. Shiqu), w prefekturze Kardze (chi\u0144. Ganzi) prowincji Sichuan odwieziono zwolnionego wi\u0119\u017ania, kt\u00f3ry po odbyciu o\u015bmioletniego wyroku nie mo\u017ce porusza\u0107 si\u0119 o w\u0142asnych si\u0142ach.<\/p>\n<p><a href=\"http:\/\/www.hfhrpol.waw.pl\/tybet\/wp-content\/uploads\/2016\/03\/Nega-Serszul-8LatWiezienia2008-Zwolniony20Marca2016.jpg\" rel=\"attachment wp-att-2710\"><img loading=\"lazy\" decoding=\"async\" class=\"alignnone size-medium wp-image-2710\" src=\"http:\/\/www.hfhrpol.waw.pl\/tybet\/wp-content\/uploads\/2016\/03\/Nega-Serszul-8LatWiezienia2008-Zwolniony20Marca2016-300x209.jpg\" alt=\"Nega-Serszul-8LatWiezienia2008-Zwolniony20Marca2016\" width=\"300\" height=\"209\" srcset=\"https:\/\/tybet.hfhr.org.pl\/wp-content\/uploads\/2016\/03\/Nega-Serszul-8LatWiezienia2008-Zwolniony20Marca2016-300x209.jpg 300w, https:\/\/tybet.hfhr.org.pl\/wp-content\/uploads\/2016\/03\/Nega-Serszul-8LatWiezienia2008-Zwolniony20Marca2016.jpg 622w\" sizes=\"auto, (max-width: 300px) 100vw, 300px\" \/><\/a><\/p>\n<p><!--more--><\/p>\n<p>Sze\u015b\u0107dziesi\u0119ciojednoletni Nega zosta\u0142 aresztowany w 2008 roku i uznany za jednego z lider\u00f3w lokalnych <a href=\"http:\/\/tybet.hfhr.org.pl\/?p=6039\" target=\"_blank\" rel=\"noopener\">protest\u00f3w<\/a> przeciwko chi\u0144skim rz\u0105dom. Zdrowie straci\u0142 w wi\u0119zieniu Deyang, w Chengdu.<\/p>\n<p>Zwolniono go 20 marca, zatajaj\u0105c to przed najbli\u017cszymi, \u017ceby zapobiec uroczystemu powitaniu. Wed\u0142ug lokalnych \u017ar\u00f3de\u0142 teraz \u201ez wyrazami uszanowania przyje\u017cd\u017caj\u0105 setki os\u00f3b z ca\u0142ego Kardze\u201d.<\/p>\n<p>&nbsp;<\/p>\n<p>&nbsp;<\/p>\n","protected":false},"excerpt":{"rendered":"<p>Do rodzinnego Serszulu (chi\u0144. Shiqu), w prefekturze Kardze (chi\u0144. Ganzi) prowincji Sichuan odwieziono zwolnionego wi\u0119\u017ania, kt\u00f3ry po odbyciu o\u015bmioletniego wyroku nie mo\u017ce porusza\u0107 si\u0119 o w\u0142asnych si\u0142ach.<\/p>\n","protected":false},"author":1,"featured_media":0,"comment_status":"closed","ping_status":"closed","sticky":false,"template":"","format":"standard","meta":{"footnotes":""},"categories":[2,17],"tags":[19,48,22],"class_list":["post-2709","post","type-post","status-publish","format-standard","hentry","category-aktualnosci","category-hfpc","tag-protesty-polityczne","tag-tortury","tag-wyroki"],"_links":{"self":[{"href":"https:\/\/tybet.hfhr.org.pl\/index.php?rest_route=\/wp\/v2\/posts\/2709","targetHints":{"allow":["GET"]}}],"collection":[{"href":"https:\/\/tybet.hfhr.org.pl\/index.php?rest_route=\/wp\/v2\/posts"}],"about":[{"href":"https:\/\/tybet.hfhr.org.pl\/index.php?rest_route=\/wp\/v2\/types\/post"}],"author":[{"embeddable":true,"href":"https:\/\/tybet.hfhr.org.pl\/index.php?rest_route=\/wp\/v2\/users\/1"}],"replies":[{"embeddable":true,"href":"https:\/\/tybet.hfhr.org.pl\/index.php?rest_route=%2Fwp%2Fv2%2Fcomments&post=2709"}],"version-history":[{"count":2,"href":"https:\/\/tybet.hfhr.org.pl\/index.php?rest_route=\/wp\/v2\/posts\/2709\/revisions"}],"predecessor-version":[{"id":6071,"href":"https:\/\/tybet.hfhr.org.pl\/index.php?rest_route=\/wp\/v2\/posts\/2709\/revisions\/6071"}],"wp:attachment":[{"href":"https:\/\/tybet.hfhr.org.pl\/index.php?rest_route=%2Fwp%2Fv2%2Fmedia&parent=2709"}],"wp:term":[{"taxonomy":"category","embeddable":true,"href":"https:\/\/tybet.hfhr.org.pl\/index.php?rest_route=%2Fwp%2Fv2%2Fcategories&post=2709"},{"taxonomy":"post_tag","embeddable":true,"href":"https:\/\/tybet.hfhr.org.pl\/index.php?rest_route=%2Fwp%2Fv2%2Ftags&post=2709"}],"curies":[{"name":"wp","href":"https:\/\/api.w.org\/{rel}","templated":true}]}}