{"id":2837,"date":"2016-04-29T07:27:36","date_gmt":"2016-04-29T05:27:36","guid":{"rendered":"http:\/\/www.hfhrpol.waw.pl\/tybet\/?p=2837"},"modified":"2016-04-29T09:12:27","modified_gmt":"2016-04-29T07:12:27","slug":"oser-i-wang-lixiong-w-areszcie-domowym-w-pekinie","status":"publish","type":"post","link":"https:\/\/tybet.hfhr.org.pl\/?p=2837","title":{"rendered":"Oser i Wang Lixiong w areszcie domowym w Pekinie"},"content":{"rendered":"<p>Tybeta\u0144ska pisarka <a href=\"http:\/\/www.hfhrpol.waw.pl\/tybet\/?tag=oser\" target=\"_blank\">Oser<\/a> i jej m\u0105\u017c <a href=\"http:\/\/www.hfhrpol.waw.pl\/tybet\/?p=2244\" target=\"_blank\">Wang Lixiong<\/a> 25 kwietnia zostali <a href=\"http:\/\/www.hfhrpol.waw.pl\/Tybet\/raport.php?raport_id=2420\" target=\"_blank\">ponownie<\/a> osadzeni w areszcie domowym w Pekinie.<\/p>\n<p><a href=\"http:\/\/www.hfhrpol.waw.pl\/tybet\/wp-content\/uploads\/2016\/04\/Oser.jpg\" rel=\"attachment wp-att-2838\"><img loading=\"lazy\" decoding=\"async\" class=\"alignnone size-medium wp-image-2838\" src=\"http:\/\/www.hfhrpol.waw.pl\/tybet\/wp-content\/uploads\/2016\/04\/Oser-300x200.jpg\" alt=\"Oser\" width=\"300\" height=\"200\" srcset=\"https:\/\/tybet.hfhr.org.pl\/wp-content\/uploads\/2016\/04\/Oser-300x200.jpg 300w, https:\/\/tybet.hfhr.org.pl\/wp-content\/uploads\/2016\/04\/Oser-768x512.jpg 768w, https:\/\/tybet.hfhr.org.pl\/wp-content\/uploads\/2016\/04\/Oser.jpg 960w\" sizes=\"auto, (max-width: 300px) 100vw, 300px\" \/><\/a><\/p>\n<p><!--more--><\/p>\n<p>Funkcjonariusze s\u0142u\u017cby bezpiecze\u0144stwa poinformowali ich, \u017ce przez pi\u0119\u0107 dni nie wyjd\u0105 z mieszkania w zwi\u0105zku z przyjazdem do Pekinu pracownik\u00f3w organizacji American Himalayan Foundation (AHF).<\/p>\n<p>Oser napisa\u0142a na swoim blogu, \u017ce dowiedzia\u0142a si\u0119 o istnieniu tej fundacji w chwili zatrzymania, wyra\u017caj\u0105c nadziej\u0119, \u017ce dzi\u0119ki niemu Amerykanie us\u0142ysz\u0105 te\u017c o niej.<\/p>\n<p>AHF informuje, \u017ce zajmuje si\u0119 budowaniem szk\u00f3\u0142, szkoleniem personelu medycznego, edukacj\u0105, ochron\u0105 \u015brodowiska i dziedzictwa kulturalnego w rejonie Himalaj\u00f3w.<\/p>\n<p>&nbsp;<\/p>\n","protected":false},"excerpt":{"rendered":"<p>Tybeta\u0144ska pisarka Oser i jej m\u0105\u017c Wang Lixiong 25 kwietnia zostali ponownie osadzeni w areszcie domowym w Pekinie.<\/p>\n","protected":false},"author":1,"featured_media":0,"comment_status":"closed","ping_status":"closed","sticky":false,"template":"","format":"standard","meta":{"footnotes":""},"categories":[2,17],"tags":[29,21],"class_list":["post-2837","post","type-post","status-publish","format-standard","hentry","category-aktualnosci","category-hfpc","tag-oser","tag-zatrzymania"],"_links":{"self":[{"href":"https:\/\/tybet.hfhr.org.pl\/index.php?rest_route=\/wp\/v2\/posts\/2837","targetHints":{"allow":["GET"]}}],"collection":[{"href":"https:\/\/tybet.hfhr.org.pl\/index.php?rest_route=\/wp\/v2\/posts"}],"about":[{"href":"https:\/\/tybet.hfhr.org.pl\/index.php?rest_route=\/wp\/v2\/types\/post"}],"author":[{"embeddable":true,"href":"https:\/\/tybet.hfhr.org.pl\/index.php?rest_route=\/wp\/v2\/users\/1"}],"replies":[{"embeddable":true,"href":"https:\/\/tybet.hfhr.org.pl\/index.php?rest_route=%2Fwp%2Fv2%2Fcomments&post=2837"}],"version-history":[{"count":5,"href":"https:\/\/tybet.hfhr.org.pl\/index.php?rest_route=\/wp\/v2\/posts\/2837\/revisions"}],"predecessor-version":[{"id":2843,"href":"https:\/\/tybet.hfhr.org.pl\/index.php?rest_route=\/wp\/v2\/posts\/2837\/revisions\/2843"}],"wp:attachment":[{"href":"https:\/\/tybet.hfhr.org.pl\/index.php?rest_route=%2Fwp%2Fv2%2Fmedia&parent=2837"}],"wp:term":[{"taxonomy":"category","embeddable":true,"href":"https:\/\/tybet.hfhr.org.pl\/index.php?rest_route=%2Fwp%2Fv2%2Fcategories&post=2837"},{"taxonomy":"post_tag","embeddable":true,"href":"https:\/\/tybet.hfhr.org.pl\/index.php?rest_route=%2Fwp%2Fv2%2Ftags&post=2837"}],"curies":[{"name":"wp","href":"https:\/\/api.w.org\/{rel}","templated":true}]}}