{"id":2922,"date":"2016-05-20T06:53:06","date_gmt":"2016-05-20T04:53:06","guid":{"rendered":"http:\/\/www.hfhrpol.waw.pl\/tybet\/?p=2922"},"modified":"2016-06-02T10:06:18","modified_gmt":"2016-06-02T08:06:18","slug":"zatrzymany-mnich-z-dalu-sfotografowal-sie-z-flaga-tybetu","status":"publish","type":"post","link":"https:\/\/tybet.hfhr.org.pl\/?p=2922","title":{"rendered":"Zatrzymany mnich z Da\u0142u sfotografowa\u0142 si\u0119 z flag\u0105 Tybetu"},"content":{"rendered":"<p>Wed\u0142ug tybeta\u0144skich \u017ar\u00f3de\u0142 przyczyn\u0105 zatrzymania Dziampy Gelka by\u0142o zdj\u0119cie, kt\u00f3re zrobi\u0142 sobie na tle zakazanej tybeta\u0144skiej flagi. Upubliczniono tak\u017ce informacj\u0119, \u017ce m\u00f3g\u0142 \u201eplanowa\u0107 samospalenie\u201d, ale zosta\u0142 powstrzymany przez najbli\u017cszych.<\/p>\n<p><a href=\"http:\/\/www.hfhrpol.waw.pl\/tybet\/wp-content\/uploads\/2016\/05\/DziampaGelek-DaluKardze-Zatrzymany16Maja2016-KlasztornaCela-ZakazanaFlaga-Slogan.jpg\"><img loading=\"lazy\" decoding=\"async\" class=\"alignnone size-medium wp-image-2965\" src=\"http:\/\/www.hfhrpol.waw.pl\/tybet\/wp-content\/uploads\/2016\/05\/DziampaGelek-DaluKardze-Zatrzymany16Maja2016-KlasztornaCela-ZakazanaFlaga-Slogan-300x233.jpg\" alt=\"DziampaGelek-DaluKardze-Zatrzymany16Maja2016-KlasztornaCela-ZakazanaFlaga-Slogan\" width=\"300\" height=\"233\" srcset=\"https:\/\/tybet.hfhr.org.pl\/wp-content\/uploads\/2016\/05\/DziampaGelek-DaluKardze-Zatrzymany16Maja2016-KlasztornaCela-ZakazanaFlaga-Slogan-300x233.jpg 300w, https:\/\/tybet.hfhr.org.pl\/wp-content\/uploads\/2016\/05\/DziampaGelek-DaluKardze-Zatrzymany16Maja2016-KlasztornaCela-ZakazanaFlaga-Slogan.jpg 387w\" sizes=\"auto, (max-width: 300px) 100vw, 300px\" \/><\/a><\/p>\n<p><!--more--><\/p>\n<p>Dwudziestotrzyletni mnich, student pierwszego roku Instytutu Studi\u00f3w Buddyjskich w Da\u0142u (chi\u0144. Daofu), w prefekturze Kardze (chi\u0144. Ganzi) prowincji Sichuan, zosta\u0142 <a href=\"http:\/\/www.hfhrpol.waw.pl\/tybet\/?p=2911\" target=\"_blank\">uprowadzony przez policj\u0119<\/a> 16 maja. W jego klasztornej celi funkcjonariusze znale\u017ali te\u017c \u201ewypisany po angielsku niepodleg\u0142o\u015bciowy slogan\u201d.<\/p>\n<p>Zatrzymanego przewieziono do aresztu \u015bledczego w Darcedo (chi\u0144. Kangding).<\/p>\n","protected":false},"excerpt":{"rendered":"<p>Wed\u0142ug tybeta\u0144skich \u017ar\u00f3de\u0142 przyczyn\u0105 zatrzymania Dziampy Gelka by\u0142o zdj\u0119cie, kt\u00f3re zrobi\u0142 sobie na tle zakazanej tybeta\u0144skiej flagi. Upubliczniono tak\u017ce informacj\u0119, \u017ce m\u00f3g\u0142 \u201eplanowa\u0107 samospalenie\u201d, ale zosta\u0142 powstrzymany przez najbli\u017cszych.<\/p>\n","protected":false},"author":1,"featured_media":0,"comment_status":"closed","ping_status":"closed","sticky":false,"template":"","format":"standard","meta":{"footnotes":""},"categories":[2,17],"tags":[19,33,21],"class_list":["post-2922","post","type-post","status-publish","format-standard","hentry","category-aktualnosci","category-hfpc","tag-protesty-polityczne","tag-samospalenia","tag-zatrzymania"],"_links":{"self":[{"href":"https:\/\/tybet.hfhr.org.pl\/index.php?rest_route=\/wp\/v2\/posts\/2922","targetHints":{"allow":["GET"]}}],"collection":[{"href":"https:\/\/tybet.hfhr.org.pl\/index.php?rest_route=\/wp\/v2\/posts"}],"about":[{"href":"https:\/\/tybet.hfhr.org.pl\/index.php?rest_route=\/wp\/v2\/types\/post"}],"author":[{"embeddable":true,"href":"https:\/\/tybet.hfhr.org.pl\/index.php?rest_route=\/wp\/v2\/users\/1"}],"replies":[{"embeddable":true,"href":"https:\/\/tybet.hfhr.org.pl\/index.php?rest_route=%2Fwp%2Fv2%2Fcomments&post=2922"}],"version-history":[{"count":3,"href":"https:\/\/tybet.hfhr.org.pl\/index.php?rest_route=\/wp\/v2\/posts\/2922\/revisions"}],"predecessor-version":[{"id":2967,"href":"https:\/\/tybet.hfhr.org.pl\/index.php?rest_route=\/wp\/v2\/posts\/2922\/revisions\/2967"}],"wp:attachment":[{"href":"https:\/\/tybet.hfhr.org.pl\/index.php?rest_route=%2Fwp%2Fv2%2Fmedia&parent=2922"}],"wp:term":[{"taxonomy":"category","embeddable":true,"href":"https:\/\/tybet.hfhr.org.pl\/index.php?rest_route=%2Fwp%2Fv2%2Fcategories&post=2922"},{"taxonomy":"post_tag","embeddable":true,"href":"https:\/\/tybet.hfhr.org.pl\/index.php?rest_route=%2Fwp%2Fv2%2Ftags&post=2922"}],"curies":[{"name":"wp","href":"https:\/\/api.w.org\/{rel}","templated":true}]}}