{"id":2952,"date":"2016-06-01T07:24:51","date_gmt":"2016-06-01T05:24:51","guid":{"rendered":"http:\/\/www.hfhrpol.waw.pl\/tybet\/?p=2952"},"modified":"2019-03-15T11:37:50","modified_gmt":"2019-03-15T10:37:50","slug":"byly-wiezien-ktory-spedzil-za-kratami-21-lat-zatrzymany-w-lhasie","status":"publish","type":"post","link":"https:\/\/tybet.hfhr.org.pl\/?p=2952","title":{"rendered":"By\u0142y wi\u0119zie\u0144, kt\u00f3ry sp\u0119dzi\u0142 za kratami 21 lat, zatrzymany w Lhasie"},"content":{"rendered":"<p>Wed\u0142ug tybeta\u0144skich \u017ar\u00f3de\u0142 noc\u0105 14 maja policja zatrzyma\u0142a w Lhasie by\u0142ego wi\u0119\u017ania, kt\u00f3ry sp\u0119dzi\u0142 za kratami 21 lat. Nie wiadomo, co mu si\u0119 zarzuca i gdzie jest przetrzymywany.<\/p>\n<p><a href=\"http:\/\/www.hfhrpol.waw.pl\/tybet\/wp-content\/uploads\/2016\/06\/LodoGjaco-Zatrzymany1993-Zabojstwo15Lat-1995ProtestDrapcz-Dodatkowe6Lat.jpg\"><img loading=\"lazy\" decoding=\"async\" class=\"alignnone size-medium wp-image-2953\" src=\"http:\/\/www.hfhrpol.waw.pl\/tybet\/wp-content\/uploads\/2016\/06\/LodoGjaco-Zatrzymany1993-Zabojstwo15Lat-1995ProtestDrapcz-Dodatkowe6Lat-231x300.jpg\" alt=\"LodoGjaco-Zatrzymany1993-Zabojstwo15Lat-1995ProtestDrapcz-Dodatkowe6Lat\" width=\"231\" height=\"300\" srcset=\"https:\/\/tybet.hfhr.org.pl\/wp-content\/uploads\/2016\/06\/LodoGjaco-Zatrzymany1993-Zabojstwo15Lat-1995ProtestDrapcz-Dodatkowe6Lat-231x300.jpg 231w, https:\/\/tybet.hfhr.org.pl\/wp-content\/uploads\/2016\/06\/LodoGjaco-Zatrzymany1993-Zabojstwo15Lat-1995ProtestDrapcz-Dodatkowe6Lat.jpg 500w\" sizes=\"auto, (max-width: 231px) 100vw, 231px\" \/><\/a><a href=\"http:\/\/www.hfhrpol.waw.pl\/tybet\/wp-content\/uploads\/2016\/06\/LodoGjaco-Zatrzymany1993-Zabojstwo15Lat-1995ProtestDrapcz-Dodatkowe6Lat-ZwolnionyMaj1993.jpg\"><img loading=\"lazy\" decoding=\"async\" class=\"alignnone size-medium wp-image-2954\" src=\"http:\/\/www.hfhrpol.waw.pl\/tybet\/wp-content\/uploads\/2016\/06\/LodoGjaco-Zatrzymany1993-Zabojstwo15Lat-1995ProtestDrapcz-Dodatkowe6Lat-ZwolnionyMaj1993-127x300.jpg\" alt=\"LodoGjaco-Zatrzymany1993-Zabojstwo15Lat-1995ProtestDrapcz-Dodatkowe6Lat-ZwolnionyMaj1993\" width=\"127\" height=\"300\" srcset=\"https:\/\/tybet.hfhr.org.pl\/wp-content\/uploads\/2016\/06\/LodoGjaco-Zatrzymany1993-Zabojstwo15Lat-1995ProtestDrapcz-Dodatkowe6Lat-ZwolnionyMaj1993-127x300.jpg 127w, https:\/\/tybet.hfhr.org.pl\/wp-content\/uploads\/2016\/06\/LodoGjaco-Zatrzymany1993-Zabojstwo15Lat-1995ProtestDrapcz-Dodatkowe6Lat-ZwolnionyMaj1993.jpg 200w\" sizes=\"auto, (max-width: 127px) 100vw, 127px\" \/><\/a><\/p>\n<p><!--more--><\/p>\n<p><span lang=\"pl-PL\">Pi\u0119\u0107dziesi\u0119ciopi\u0119cioletni Lodo Gjaco trafi\u0142 do wi\u0119zienia w 1993 roku, skazany na pi\u0119tna\u015bcie lat pozbawienia wolno\u015bci za zab\u00f3jstwo. Kar\u0119 podniesiono o sze\u015b\u0107 lat za przest\u0119pstwo polityczne \u2013 rozrzucenie ulotek i skandowanie niepodleg\u0142o\u015bciowych hase\u0142 w <a href=\"https:\/\/www.hfhr.org.pl\/tybet_old\/raport.php?raport_id=324\" target=\"_blank\" rel=\"noopener noreferrer\">Drapczi<\/a>. Poddawany nieludzkim <a href=\"http:\/\/www.hfhr.org.pl\/tybet_old\/TIN270798.html\" target=\"_blank\" rel=\"noopener noreferrer\">torturom<\/a>, straci\u0142 zdrowie fizyczne i psychiczne. <\/span><\/p>\n<p><span lang=\"pl-PL\">Wed\u0142ug by\u0142ych wi\u0119\u017ani\u00f3w \u017cycie uratowa\u0142a mu wtedy \u201einterwencja ONZ\u201d. Zatrzymano go ponownie trzy lata po <a href=\"http:\/\/www.hfhr.org.pl\/tybet_old\/raport.php?raport_id=2053\" target=\"_blank\" rel=\"noopener noreferrer\">zwolnieniu<\/a> z <a href=\"http:\/\/www.hfhr.org.pl\/tybet_old\/raport.php?raport_id=393\" target=\"_blank\" rel=\"noopener noreferrer\">Czuszuru<\/a>. <\/span><\/p>\n","protected":false},"excerpt":{"rendered":"<p>Wed\u0142ug tybeta\u0144skich \u017ar\u00f3de\u0142 noc\u0105 14 maja policja zatrzyma\u0142a w Lhasie by\u0142ego wi\u0119\u017ania, kt\u00f3ry sp\u0119dzi\u0142 za kratami 21 lat. Nie wiadomo, co mu si\u0119 zarzuca i gdzie jest przetrzymywany.<\/p>\n","protected":false},"author":1,"featured_media":0,"comment_status":"closed","ping_status":"closed","sticky":false,"template":"","format":"standard","meta":{"footnotes":""},"categories":[2,17],"tags":[48,22,21],"class_list":["post-2952","post","type-post","status-publish","format-standard","hentry","category-aktualnosci","category-hfpc","tag-tortury","tag-wyroki","tag-zatrzymania"],"_links":{"self":[{"href":"https:\/\/tybet.hfhr.org.pl\/index.php?rest_route=\/wp\/v2\/posts\/2952","targetHints":{"allow":["GET"]}}],"collection":[{"href":"https:\/\/tybet.hfhr.org.pl\/index.php?rest_route=\/wp\/v2\/posts"}],"about":[{"href":"https:\/\/tybet.hfhr.org.pl\/index.php?rest_route=\/wp\/v2\/types\/post"}],"author":[{"embeddable":true,"href":"https:\/\/tybet.hfhr.org.pl\/index.php?rest_route=\/wp\/v2\/users\/1"}],"replies":[{"embeddable":true,"href":"https:\/\/tybet.hfhr.org.pl\/index.php?rest_route=%2Fwp%2Fv2%2Fcomments&post=2952"}],"version-history":[{"count":3,"href":"https:\/\/tybet.hfhr.org.pl\/index.php?rest_route=\/wp\/v2\/posts\/2952\/revisions"}],"predecessor-version":[{"id":8193,"href":"https:\/\/tybet.hfhr.org.pl\/index.php?rest_route=\/wp\/v2\/posts\/2952\/revisions\/8193"}],"wp:attachment":[{"href":"https:\/\/tybet.hfhr.org.pl\/index.php?rest_route=%2Fwp%2Fv2%2Fmedia&parent=2952"}],"wp:term":[{"taxonomy":"category","embeddable":true,"href":"https:\/\/tybet.hfhr.org.pl\/index.php?rest_route=%2Fwp%2Fv2%2Fcategories&post=2952"},{"taxonomy":"post_tag","embeddable":true,"href":"https:\/\/tybet.hfhr.org.pl\/index.php?rest_route=%2Fwp%2Fv2%2Ftags&post=2952"}],"curies":[{"name":"wp","href":"https:\/\/api.w.org\/{rel}","templated":true}]}}