{"id":3819,"date":"2016-12-12T09:29:01","date_gmt":"2016-12-12T08:29:01","guid":{"rendered":"http:\/\/www.hfhrpol.waw.pl\/tybet\/?p=3819"},"modified":"2016-12-14T10:11:15","modified_gmt":"2016-12-14T09:11:15","slug":"zatrzymanie-najblizszych-samospalenca-z-maczu","status":"publish","type":"post","link":"https:\/\/tybet.hfhr.org.pl\/?p=3819","title":{"rendered":"Zatrzymanie najbli\u017cszych samospale\u0144ca z Maczu"},"content":{"rendered":"<p>Wed\u0142ug tybeta\u0144skich \u017ar\u00f3de\u0142 policja zatrzyma\u0142a najbli\u017cszych Tasziego Rabtena, kt\u00f3ry 8 grudnia <a href=\"http:\/\/www.hfhrpol.waw.pl\/tybet\/?p=3793\" target=\"_blank\">dokona\u0142 samospalenia<\/a> w Maczu (chi\u0144. Maqu), w prefekturze Kanlho (chi\u0144. Gannan) prowincji Gansu.<\/p>\n<p><a href=\"http:\/\/www.hfhrpol.waw.pl\/tybet\/wp-content\/uploads\/2016\/12\/Samospalenie-TasziRabten-Maczu-8Grudnia2016-Policja.jpg\"><img loading=\"lazy\" decoding=\"async\" class=\"alignnone size-medium wp-image-3820\" src=\"http:\/\/www.hfhrpol.waw.pl\/tybet\/wp-content\/uploads\/2016\/12\/Samospalenie-TasziRabten-Maczu-8Grudnia2016-Policja-300x185.jpg\" alt=\"samospalenie-taszirabten-maczu-8grudnia2016-policja\" width=\"300\" height=\"185\" srcset=\"https:\/\/tybet.hfhr.org.pl\/wp-content\/uploads\/2016\/12\/Samospalenie-TasziRabten-Maczu-8Grudnia2016-Policja-300x185.jpg 300w, https:\/\/tybet.hfhr.org.pl\/wp-content\/uploads\/2016\/12\/Samospalenie-TasziRabten-Maczu-8Grudnia2016-Policja.jpg 434w\" sizes=\"auto, (max-width: 300px) 100vw, 300px\" \/><\/a><\/p>\n<p><!--more--><\/p>\n<p>Krewni za\u017c\u0105dali wydania zw\u0142ok, kt\u00f3re zabrali z ulicy funkcjonariusze policji. W\u0142adze nie zezwoli\u0142y na odprawienie religijnych rytua\u0142\u00f3w i zatrzyma\u0142y \u017con\u0119 oraz pi\u0119tnastoletni\u0105 c\u00f3rk\u0119 zmar\u0142ego. Inne osoby zwolniono po przes\u0142uchaniu.<\/p>\n<p>Lokalni aparatczycy mieli te\u017c \u017c\u0105da\u0107 podpisania o\u015bwiadczenia, \u017ce sprawa nie mia\u0142a \u201echarakteru politycznego, tylko osobisty\u201d. Przed domem zmar\u0142ego \u201ewystawiono posterunek i wyprowadzono na ulice uzbrojone patrole\u201d.<\/p>\n<p>&nbsp;<\/p>\n","protected":false},"excerpt":{"rendered":"<p>Wed\u0142ug tybeta\u0144skich \u017ar\u00f3de\u0142 policja zatrzyma\u0142a najbli\u017cszych Tasziego Rabtena, kt\u00f3ry 8 grudnia dokona\u0142 samospalenia w Maczu (chi\u0144. Maqu), w prefekturze Kanlho (chi\u0144. Gannan) prowincji Gansu.<\/p>\n","protected":false},"author":1,"featured_media":0,"comment_status":"closed","ping_status":"closed","sticky":false,"template":"","format":"standard","meta":{"footnotes":""},"categories":[2,17],"tags":[26,33,21],"class_list":["post-3819","post","type-post","status-publish","format-standard","hentry","category-aktualnosci","category-hfpc","tag-polityka","tag-samospalenia","tag-zatrzymania"],"_links":{"self":[{"href":"https:\/\/tybet.hfhr.org.pl\/index.php?rest_route=\/wp\/v2\/posts\/3819","targetHints":{"allow":["GET"]}}],"collection":[{"href":"https:\/\/tybet.hfhr.org.pl\/index.php?rest_route=\/wp\/v2\/posts"}],"about":[{"href":"https:\/\/tybet.hfhr.org.pl\/index.php?rest_route=\/wp\/v2\/types\/post"}],"author":[{"embeddable":true,"href":"https:\/\/tybet.hfhr.org.pl\/index.php?rest_route=\/wp\/v2\/users\/1"}],"replies":[{"embeddable":true,"href":"https:\/\/tybet.hfhr.org.pl\/index.php?rest_route=%2Fwp%2Fv2%2Fcomments&post=3819"}],"version-history":[{"count":1,"href":"https:\/\/tybet.hfhr.org.pl\/index.php?rest_route=\/wp\/v2\/posts\/3819\/revisions"}],"predecessor-version":[{"id":3821,"href":"https:\/\/tybet.hfhr.org.pl\/index.php?rest_route=\/wp\/v2\/posts\/3819\/revisions\/3821"}],"wp:attachment":[{"href":"https:\/\/tybet.hfhr.org.pl\/index.php?rest_route=%2Fwp%2Fv2%2Fmedia&parent=3819"}],"wp:term":[{"taxonomy":"category","embeddable":true,"href":"https:\/\/tybet.hfhr.org.pl\/index.php?rest_route=%2Fwp%2Fv2%2Fcategories&post=3819"},{"taxonomy":"post_tag","embeddable":true,"href":"https:\/\/tybet.hfhr.org.pl\/index.php?rest_route=%2Fwp%2Fv2%2Ftags&post=3819"}],"curies":[{"name":"wp","href":"https:\/\/api.w.org\/{rel}","templated":true}]}}