{"id":396,"date":"2014-12-10T08:05:58","date_gmt":"2014-12-10T07:05:58","guid":{"rendered":"http:\/\/www.hfhrpol.waw.pl\/tybet\/?p=396"},"modified":"2014-12-10T08:06:51","modified_gmt":"2014-12-10T07:06:51","slug":"niepokoje-wyborcze-w-darlagu","status":"publish","type":"post","link":"https:\/\/tybet.hfhr.org.pl\/?p=396","title":{"rendered":"Niepokoje \u201ewyborcze\u201d w Darlagu"},"content":{"rendered":"<p>Si\u00f3dmego grudnia dosz\u0142o do szarpaniny podczas wybor\u00f3w w\u0142adz lokalnych w miasteczku Taktak, w okr\u0119gu Darlag (chi\u0144. Dari) prefektury Golog (chi\u0144. Guoluo), w prowincji Qinghai.<\/p>\n<p><a href=\"http:\/\/www.hfhrpol.waw.pl\/tybet\/wp-content\/uploads\/2014\/12\/Darlag.jpg\"><img loading=\"lazy\" decoding=\"async\" class=\"alignnone size-medium wp-image-397\" src=\"http:\/\/www.hfhrpol.waw.pl\/tybet\/wp-content\/uploads\/2014\/12\/Darlag-300x223.jpg\" alt=\"Darlag\" width=\"300\" height=\"223\" srcset=\"https:\/\/tybet.hfhr.org.pl\/wp-content\/uploads\/2014\/12\/Darlag-300x223.jpg 300w, https:\/\/tybet.hfhr.org.pl\/wp-content\/uploads\/2014\/12\/Darlag.jpg 846w\" sizes=\"auto, (max-width: 300px) 100vw, 300px\" \/><\/a><\/p>\n<p>Wed\u0142ug \u017ar\u00f3de\u0142 Radia Wolna Azja (<a href=\"http:\/\/www.rfa.org\" target=\"_blank\">RFA<\/a>) podczas og\u00f3lnokrajowych wybor\u00f3w do administracji najni\u017cszego szczebla \u201eaparatczycy z okr\u0119gu pr\u00f3bowali narzuci\u0107 swojego cz\u0142owieka, podczas gdy mieszka\u0144cy chcieli wybra\u0107 w\u0142asnego kandydata z szesnastoletnim do\u015bwiadczeniem\u201d.<\/p>\n<p><!--more--><\/p>\n<p>Rinczen Co, urz\u0119dnik stoj\u0105cy na czele administracji Darlagu (w kt\u00f3rym latem dosz\u0142o do <a href=\"http:\/\/www.hfhrpol.waw.pl\/Tybet\/raport.php?raport_id=2439\" target=\"_blank\">niepokoj\u00f3w<\/a> po tragicznym wypadku) \u201ezacz\u0105\u0142 wygra\u017ca\u0107 zebranym, szarpa\u0142 za w\u0142osy i pobi\u0142 dwie osoby\u201d. Cho\u0107 wielu ch\u0142opom odebrano karty do g\u0142osowania, roz\u017caleni ludzie ostrzegli, \u017ce nigdy nie zgodz\u0105 si\u0119 na cz\u0142owieka wskazanego przez w\u0142adze.<\/p>\n","protected":false},"excerpt":{"rendered":"<p>Si\u00f3dmego grudnia dosz\u0142o do szarpaniny podczas wybor\u00f3w w\u0142adz lokalnych w miasteczku Taktak, w okr\u0119gu Darlag (chi\u0144. Dari) prefektury Golog (chi\u0144. Guoluo), w prowincji Qinghai. Wed\u0142ug \u017ar\u00f3de\u0142 Radia Wolna Azja (RFA) podczas og\u00f3lnokrajowych wybor\u00f3w do administracji najni\u017cszego szczebla \u201eaparatczycy z okr\u0119gu pr\u00f3bowali narzuci\u0107 swojego cz\u0142owieka, podczas gdy mieszka\u0144cy chcieli wybra\u0107 w\u0142asnego kandydata z szesnastoletnim do\u015bwiadczeniem\u201d.<\/p>\n","protected":false},"author":1,"featured_media":0,"comment_status":"closed","ping_status":"open","sticky":false,"template":"","format":"standard","meta":{"footnotes":""},"categories":[2,17],"tags":[20],"class_list":["post-396","post","type-post","status-publish","format-standard","hentry","category-aktualnosci","category-hfpc","tag-protesty-spoleczne"],"_links":{"self":[{"href":"https:\/\/tybet.hfhr.org.pl\/index.php?rest_route=\/wp\/v2\/posts\/396","targetHints":{"allow":["GET"]}}],"collection":[{"href":"https:\/\/tybet.hfhr.org.pl\/index.php?rest_route=\/wp\/v2\/posts"}],"about":[{"href":"https:\/\/tybet.hfhr.org.pl\/index.php?rest_route=\/wp\/v2\/types\/post"}],"author":[{"embeddable":true,"href":"https:\/\/tybet.hfhr.org.pl\/index.php?rest_route=\/wp\/v2\/users\/1"}],"replies":[{"embeddable":true,"href":"https:\/\/tybet.hfhr.org.pl\/index.php?rest_route=%2Fwp%2Fv2%2Fcomments&post=396"}],"version-history":[{"count":2,"href":"https:\/\/tybet.hfhr.org.pl\/index.php?rest_route=\/wp\/v2\/posts\/396\/revisions"}],"predecessor-version":[{"id":399,"href":"https:\/\/tybet.hfhr.org.pl\/index.php?rest_route=\/wp\/v2\/posts\/396\/revisions\/399"}],"wp:attachment":[{"href":"https:\/\/tybet.hfhr.org.pl\/index.php?rest_route=%2Fwp%2Fv2%2Fmedia&parent=396"}],"wp:term":[{"taxonomy":"category","embeddable":true,"href":"https:\/\/tybet.hfhr.org.pl\/index.php?rest_route=%2Fwp%2Fv2%2Fcategories&post=396"},{"taxonomy":"post_tag","embeddable":true,"href":"https:\/\/tybet.hfhr.org.pl\/index.php?rest_route=%2Fwp%2Fv2%2Ftags&post=396"}],"curies":[{"name":"wp","href":"https:\/\/api.w.org\/{rel}","templated":true}]}}