{"id":4531,"date":"2017-06-01T05:15:01","date_gmt":"2017-06-01T03:15:01","guid":{"rendered":"http:\/\/www.hfhrpol.waw.pl\/tybet\/?p=4531"},"modified":"2017-06-01T05:15:22","modified_gmt":"2017-06-01T03:15:22","slug":"liao-yiwu-kto-spiewa-noca-smutna-piesn-w-lesnej-gluszy","status":"publish","type":"post","link":"https:\/\/tybet.hfhr.org.pl\/?p=4531","title":{"rendered":"Liao Yiwu: Kto \u015bpiewa noc\u0105 smutn\u0105 pie\u015b\u0144 w le\u015bnej g\u0142uszy?"},"content":{"rendered":"<div class=\"western\">ksi\u0119\u017cycowa noc przemierza las<\/div>\n<div class=\"western\">\u015bni\u0119 o ukochanej<\/div>\n<div class=\"western\">\u015bpi\u0105cej pod milcz\u0105c\u0105 ziemi\u0105<\/div>\n<div class=\"western\">w oddali s\u0142ycha\u0107 strza\u0142<\/div>\n<p class=\"western\"><!--more--><\/p>\n<p>&nbsp;<\/p>\n<div>tamtego roku p\u0142on\u0105\u0142em nami\u0119tno\u015bci\u0105<\/div>\n<div>d\u017awiga\u0142em na barkach przeznaczenie kraju<\/div>\n<div>dzi\u015b r\u0119ce puste<\/div>\n<div>lata z\u0142ama\u0142y ostrze no\u017ca<\/div>\n<div class=\"western\"><\/div>\n<div class=\"western\"><\/div>\n<p>&nbsp;<\/p>\n<div>ksi\u0119\u017cycowa noc przemierza pami\u0119\u0107<\/div>\n<div>\u015bni\u0119 o ukochanej<\/div>\n<div>\u017cywy, starzej\u0119 si\u0119 b\u0142\u0105dz\u0105c<\/div>\n<div>martwa, b\u0119dziesz zawsze m\u0142oda<\/div>\n<div class=\"western\"><\/div>\n<div class=\"western\"><\/div>\n<div class=\"western\"><\/div>\n<div class=\"western\"><\/div>\n<div class=\"western\"><\/div>\n<div class=\"western\"><\/div>\n<div class=\"western\"><\/div>\n<div class=\"western\"><\/div>\n<div class=\"western\"><\/div>\n<div class=\"western\"><\/div>\n<p>&nbsp;<\/p>\n<p>&nbsp;<\/p>\n<p><em>Liao Yiwu \u2013 <a href=\"http:\/\/www.hfhrpol.waw.pl\/tybet\/?p=2956\" target=\"_blank\" rel=\"noopener noreferrer\">dysydent<\/a>, poeta i pisarz<\/em>.<\/p>\n","protected":false},"excerpt":{"rendered":"<p>ksi\u0119\u017cycowa noc przemierza las \u015bni\u0119 o ukochanej \u015bpi\u0105cej pod milcz\u0105c\u0105 ziemi\u0105 w oddali s\u0142ycha\u0107 strza\u0142<\/p>\n","protected":false},"author":1,"featured_media":4532,"comment_status":"closed","ping_status":"closed","sticky":false,"template":"","format":"standard","meta":{"footnotes":""},"categories":[4,8],"tags":[26,46],"class_list":["post-4531","post","type-post","status-publish","format-standard","has-post-thumbnail","hentry","category-teksty","category-z-perspektywy-chinczykow","tag-polityka","tag-sztuka"],"_links":{"self":[{"href":"https:\/\/tybet.hfhr.org.pl\/index.php?rest_route=\/wp\/v2\/posts\/4531","targetHints":{"allow":["GET"]}}],"collection":[{"href":"https:\/\/tybet.hfhr.org.pl\/index.php?rest_route=\/wp\/v2\/posts"}],"about":[{"href":"https:\/\/tybet.hfhr.org.pl\/index.php?rest_route=\/wp\/v2\/types\/post"}],"author":[{"embeddable":true,"href":"https:\/\/tybet.hfhr.org.pl\/index.php?rest_route=\/wp\/v2\/users\/1"}],"replies":[{"embeddable":true,"href":"https:\/\/tybet.hfhr.org.pl\/index.php?rest_route=%2Fwp%2Fv2%2Fcomments&post=4531"}],"version-history":[{"count":11,"href":"https:\/\/tybet.hfhr.org.pl\/index.php?rest_route=\/wp\/v2\/posts\/4531\/revisions"}],"predecessor-version":[{"id":4544,"href":"https:\/\/tybet.hfhr.org.pl\/index.php?rest_route=\/wp\/v2\/posts\/4531\/revisions\/4544"}],"wp:featuredmedia":[{"embeddable":true,"href":"https:\/\/tybet.hfhr.org.pl\/index.php?rest_route=\/wp\/v2\/media\/4532"}],"wp:attachment":[{"href":"https:\/\/tybet.hfhr.org.pl\/index.php?rest_route=%2Fwp%2Fv2%2Fmedia&parent=4531"}],"wp:term":[{"taxonomy":"category","embeddable":true,"href":"https:\/\/tybet.hfhr.org.pl\/index.php?rest_route=%2Fwp%2Fv2%2Fcategories&post=4531"},{"taxonomy":"post_tag","embeddable":true,"href":"https:\/\/tybet.hfhr.org.pl\/index.php?rest_route=%2Fwp%2Fv2%2Ftags&post=4531"}],"curies":[{"name":"wp","href":"https:\/\/api.w.org\/{rel}","templated":true}]}}