{"id":5589,"date":"2017-12-29T07:24:21","date_gmt":"2017-12-29T06:24:21","guid":{"rendered":"http:\/\/www.hfhr.org.pl\/tybet\/?p=5589"},"modified":"2017-12-29T07:26:30","modified_gmt":"2017-12-29T06:26:30","slug":"obawy-o-stan-mnicha-wiezionego-za-swietowanie-urodzin-dalajlamy-w-sertharze","status":"publish","type":"post","link":"https:\/\/tybet.hfhr.org.pl\/?p=5589","title":{"rendered":"Obawy o stan mnicha, wi\u0119zionego za \u015bwi\u0119towanie urodzin Dalajlamy w Sertharze"},"content":{"rendered":"<p>Czokji, mnich uwi\u0119ziony w 2015 roku za <a href=\"http:\/\/www.hfhrpol.waw.pl\/tybet\/?p=1547\" target=\"_blank\" rel=\"noopener\">\u015bwi\u0119towanie osiemdziesi\u0105tych urodzin Dalajlamy<\/a> w Sertharze (chi\u0144. Seda), w prefekturze Kardze (chi\u0144. Ganzi) prowincji Sichuan, straci\u0142 w wi\u0119zieniu zdrowie.<\/p>\n<p><a href=\"http:\/\/tybet.hfhr.org.pl\/wp-content\/uploads\/2017\/12\/Czokji-Serthar-Aresztowany2015-4LataWiezieniaZaUrodzinyDalajlamy.jpg\"><img loading=\"lazy\" decoding=\"async\" class=\"alignnone size-medium wp-image-5591\" src=\"http:\/\/tybet.hfhr.org.pl\/wp-content\/uploads\/2017\/12\/Czokji-Serthar-Aresztowany2015-4LataWiezieniaZaUrodzinyDalajlamy-300x168.jpg\" alt=\"\" width=\"300\" height=\"168\" srcset=\"https:\/\/tybet.hfhr.org.pl\/wp-content\/uploads\/2017\/12\/Czokji-Serthar-Aresztowany2015-4LataWiezieniaZaUrodzinyDalajlamy-300x168.jpg 300w, https:\/\/tybet.hfhr.org.pl\/wp-content\/uploads\/2017\/12\/Czokji-Serthar-Aresztowany2015-4LataWiezieniaZaUrodzinyDalajlamy.jpg 620w\" sizes=\"auto, (max-width: 300px) 100vw, 300px\" \/><\/a><\/p>\n<p><!--more--><\/p>\n<p>Czokji odbywa kar\u0119 czterech lat pozbawienia wolno\u015bci. Osadzony pocz\u0105tkowo w Darcedo (chi\u0144. Kangding), trafi\u0142 potem do Mianyangu w Chengdu, stolicy prowincji.<\/p>\n<p>Wed\u0142ug tybeta\u0144skich \u017ar\u00f3de\u0142 mnich niedomaga\u0142 ju\u017c wcze\u015bniej, ale jego stan \u201egwa\u0142townie si\u0119 pogorszy\u0142 na skutek bicia w \u015bledztwie i przymusowej pracy w wi\u0119zieniu\u201d. Ma \u017c\u00f3\u0142taczk\u0119 i choruje na nerki. W pa\u017adzierniku \u201eskr\u00f3cono mu comiesi\u0119czne widzenia do kilku minut oraz zabroniono krewnym przynoszenia \u017cywno\u015bci i lekarstw\u201d.<\/p>\n","protected":false},"excerpt":{"rendered":"<p>Czokji, mnich uwi\u0119ziony w 2015 roku za \u015bwi\u0119towanie osiemdziesi\u0105tych urodzin Dalajlamy w Sertharze (chi\u0144. Seda), w prefekturze Kardze (chi\u0144. Ganzi) prowincji Sichuan, straci\u0142 w wi\u0119zieniu zdrowie.<\/p>\n","protected":false},"author":1,"featured_media":0,"comment_status":"closed","ping_status":"closed","sticky":false,"template":"","format":"standard","meta":{"footnotes":""},"categories":[2,17],"tags":[49,48,22],"class_list":["post-5589","post","type-post","status-publish","format-standard","hentry","category-aktualnosci","category-hfpc","tag-dalajlama","tag-tortury","tag-wyroki"],"_links":{"self":[{"href":"https:\/\/tybet.hfhr.org.pl\/index.php?rest_route=\/wp\/v2\/posts\/5589","targetHints":{"allow":["GET"]}}],"collection":[{"href":"https:\/\/tybet.hfhr.org.pl\/index.php?rest_route=\/wp\/v2\/posts"}],"about":[{"href":"https:\/\/tybet.hfhr.org.pl\/index.php?rest_route=\/wp\/v2\/types\/post"}],"author":[{"embeddable":true,"href":"https:\/\/tybet.hfhr.org.pl\/index.php?rest_route=\/wp\/v2\/users\/1"}],"replies":[{"embeddable":true,"href":"https:\/\/tybet.hfhr.org.pl\/index.php?rest_route=%2Fwp%2Fv2%2Fcomments&post=5589"}],"version-history":[{"count":3,"href":"https:\/\/tybet.hfhr.org.pl\/index.php?rest_route=\/wp\/v2\/posts\/5589\/revisions"}],"predecessor-version":[{"id":5594,"href":"https:\/\/tybet.hfhr.org.pl\/index.php?rest_route=\/wp\/v2\/posts\/5589\/revisions\/5594"}],"wp:attachment":[{"href":"https:\/\/tybet.hfhr.org.pl\/index.php?rest_route=%2Fwp%2Fv2%2Fmedia&parent=5589"}],"wp:term":[{"taxonomy":"category","embeddable":true,"href":"https:\/\/tybet.hfhr.org.pl\/index.php?rest_route=%2Fwp%2Fv2%2Fcategories&post=5589"},{"taxonomy":"post_tag","embeddable":true,"href":"https:\/\/tybet.hfhr.org.pl\/index.php?rest_route=%2Fwp%2Fv2%2Ftags&post=5589"}],"curies":[{"name":"wp","href":"https:\/\/api.w.org\/{rel}","templated":true}]}}