{"id":5864,"date":"2018-02-12T07:34:01","date_gmt":"2018-02-12T06:34:01","guid":{"rendered":"http:\/\/www.hfhr.org.pl\/tybet\/?p=5864"},"modified":"2018-02-12T07:34:01","modified_gmt":"2018-02-12T06:34:01","slug":"opoznione-zwolnienie-mnicha-pisarza-z-cekhogu","status":"publish","type":"post","link":"https:\/\/tybet.hfhr.org.pl\/?p=5864","title":{"rendered":"Op\u00f3\u017anione zwolnienie mnicha-pisarza z Cekhogu"},"content":{"rendered":"<p class=\"western\"><span lang=\"pl-PL\">Garce Dzigme, mnich i pisarz, zosta\u0142 4 lutego zwolniony z wi\u0119zienia w Silingu (chi\u0144. Xining) i wr\u00f3ci\u0142 do rodzinnego domu w Cekhogu (chi\u0144. Zeku), w <\/span>prefekturze Malho (chi\u0144. Huangnan) prowincji Qinghai.<\/p>\n<p><a href=\"http:\/\/tybet.hfhr.org.pl\/wp-content\/uploads\/2018\/02\/GarceDzigme-MnichPisarz-Cekhog-.5LatWiezienia2013-Zwolniony4Lutego2018jpg.jpg\"><img loading=\"lazy\" decoding=\"async\" class=\"alignnone size-medium wp-image-5865\" src=\"http:\/\/tybet.hfhr.org.pl\/wp-content\/uploads\/2018\/02\/GarceDzigme-MnichPisarz-Cekhog-.5LatWiezienia2013-Zwolniony4Lutego2018jpg-300x169.jpg\" alt=\"\" width=\"300\" height=\"169\" srcset=\"https:\/\/tybet.hfhr.org.pl\/wp-content\/uploads\/2018\/02\/GarceDzigme-MnichPisarz-Cekhog-.5LatWiezienia2013-Zwolniony4Lutego2018jpg-300x169.jpg 300w, https:\/\/tybet.hfhr.org.pl\/wp-content\/uploads\/2018\/02\/GarceDzigme-MnichPisarz-Cekhog-.5LatWiezienia2013-Zwolniony4Lutego2018jpg.jpg 620w\" sizes=\"auto, (max-width: 300px) 100vw, 300px\" \/><\/a><\/p>\n<p><!--more--><\/p>\n<p class=\"western\">Cho\u0107 komendantura \u201ezwleka\u0142a z wydaniem dokument\u00f3w\u201d i przyjecha\u0142 noc\u0105, \u201ewita\u0142 go t\u0142um mnich\u00f3w i ziomk\u00f3w\u201d. Wed\u0142ug lokalnych \u017ar\u00f3de\u0142 Garce Dzigme jest \u201es\u0142aby, ale zdrowy\u201d.<\/p>\n<p class=\"western\">Lama Dzigme zosta\u0142 zatrzymany 1 stycznia 2013 roku i <a href=\"http:\/\/www.hfhrpol.waw.pl\/Tybet\/raport.php?raport_id=2063\" target=\"_blank\" rel=\"noopener\">skazany<\/a> na pi\u0119\u0107 lat wi\u0119zienia za napisanie i wydanie <a href=\"http:\/\/tybet.hfhr.org.pl\/?p=5318\" target=\"_blank\" rel=\"noopener\">ksi\u0105\u017cki<\/a> \u201eM\u0119stwo wojownika\u201d. Nie wiadomo, z jakiego powodu zwolnienie op\u00f3\u017aniono o miesi\u0105c. Przez rok \u201enie b\u0119dzie m\u00f3g\u0142 wr\u00f3ci\u0107 do klasztoru ani wypowiada\u0107 si\u0119 publicznie\u201d, czego ma \u201epilnowa\u0107\u201d pi\u0119ciu \u201especjalnie oddelegowanych\u201d aparatczyk\u00f3w.<\/p>\n<p class=\"western\">\n","protected":false},"excerpt":{"rendered":"<p>Garce Dzigme, mnich i pisarz, zosta\u0142 4 lutego zwolniony z wi\u0119zienia w Silingu (chi\u0144. Xining) i wr\u00f3ci\u0142 do rodzinnego domu w Cekhogu (chi\u0144. Zeku), w prefekturze Malho (chi\u0144. Huangnan) prowincji Qinghai.<\/p>\n","protected":false},"author":1,"featured_media":0,"comment_status":"closed","ping_status":"closed","sticky":false,"template":"","format":"standard","meta":{"footnotes":""},"categories":[2,17],"tags":[46,22],"class_list":["post-5864","post","type-post","status-publish","format-standard","hentry","category-aktualnosci","category-hfpc","tag-sztuka","tag-wyroki"],"_links":{"self":[{"href":"https:\/\/tybet.hfhr.org.pl\/index.php?rest_route=\/wp\/v2\/posts\/5864","targetHints":{"allow":["GET"]}}],"collection":[{"href":"https:\/\/tybet.hfhr.org.pl\/index.php?rest_route=\/wp\/v2\/posts"}],"about":[{"href":"https:\/\/tybet.hfhr.org.pl\/index.php?rest_route=\/wp\/v2\/types\/post"}],"author":[{"embeddable":true,"href":"https:\/\/tybet.hfhr.org.pl\/index.php?rest_route=\/wp\/v2\/users\/1"}],"replies":[{"embeddable":true,"href":"https:\/\/tybet.hfhr.org.pl\/index.php?rest_route=%2Fwp%2Fv2%2Fcomments&post=5864"}],"version-history":[{"count":1,"href":"https:\/\/tybet.hfhr.org.pl\/index.php?rest_route=\/wp\/v2\/posts\/5864\/revisions"}],"predecessor-version":[{"id":5866,"href":"https:\/\/tybet.hfhr.org.pl\/index.php?rest_route=\/wp\/v2\/posts\/5864\/revisions\/5866"}],"wp:attachment":[{"href":"https:\/\/tybet.hfhr.org.pl\/index.php?rest_route=%2Fwp%2Fv2%2Fmedia&parent=5864"}],"wp:term":[{"taxonomy":"category","embeddable":true,"href":"https:\/\/tybet.hfhr.org.pl\/index.php?rest_route=%2Fwp%2Fv2%2Fcategories&post=5864"},{"taxonomy":"post_tag","embeddable":true,"href":"https:\/\/tybet.hfhr.org.pl\/index.php?rest_route=%2Fwp%2Fv2%2Ftags&post=5864"}],"curies":[{"name":"wp","href":"https:\/\/api.w.org\/{rel}","templated":true}]}}