{"id":6554,"date":"2018-05-22T07:42:14","date_gmt":"2018-05-22T05:42:14","guid":{"rendered":"http:\/\/www.hfhr.org.pl\/tybet\/?p=6554"},"modified":"2020-08-06T11:10:43","modified_gmt":"2020-08-06T09:10:43","slug":"obronca-jezyka-tybetanskiego-skazany-na-piec-lat-wiezienia-w-juszu","status":"publish","type":"post","link":"https:\/\/tybet.hfhr.org.pl\/?p=6554","title":{"rendered":"\u201eObro\u0144ca j\u0119zyka tybeta\u0144skiego\u201d skazany na pi\u0119\u0107 lat wi\u0119zienia w Juszu"},"content":{"rendered":"<p>Taszi \u0141angczuk \u2013 biznesmen i spo\u0142ecznik, apeluj\u0105cy o poszanowanie konstytucyjnych praw Tybeta\u0144czyk\u00f3w \u2013 zosta\u0142 skazany na pi\u0119\u0107 lat pozbawienia wolno\u015bci przez s\u0105d ludowy w Juszu (chi\u0144. Yushu), w prowincji Qinghai.<\/p>\n<p><a href=\"http:\/\/tybet.hfhr.org.pl\/wp-content\/uploads\/2018\/05\/TasziLangczuk-Juszu-ZatrzymanyStyczen2016-5LatWiezienia22Maja2018.jpg\"><img loading=\"lazy\" decoding=\"async\" class=\"alignnone size-medium wp-image-6556\" src=\"http:\/\/tybet.hfhr.org.pl\/wp-content\/uploads\/2018\/05\/TasziLangczuk-Juszu-ZatrzymanyStyczen2016-5LatWiezienia22Maja2018-300x161.jpg\" alt=\"\" width=\"300\" height=\"161\" srcset=\"https:\/\/tybet.hfhr.org.pl\/wp-content\/uploads\/2018\/05\/TasziLangczuk-Juszu-ZatrzymanyStyczen2016-5LatWiezienia22Maja2018-300x161.jpg 300w, https:\/\/tybet.hfhr.org.pl\/wp-content\/uploads\/2018\/05\/TasziLangczuk-Juszu-ZatrzymanyStyczen2016-5LatWiezienia22Maja2018-768x413.jpg 768w, https:\/\/tybet.hfhr.org.pl\/wp-content\/uploads\/2018\/05\/TasziLangczuk-Juszu-ZatrzymanyStyczen2016-5LatWiezienia22Maja2018.jpg 800w\" sizes=\"auto, (max-width: 300px) 100vw, 300px\" \/><\/a><\/p>\n<p><!--more--><\/p>\n<p>\u201eW\u0142a\u015bnie si\u0119 dowiedzia\u0142em \u2013 napisa\u0142 na Twitterze jego chi\u0144ski adwokat Liang Xiaojun, kt\u00f3rego powiadomili wpuszczeni do s\u0105du dwaj krewni skazanego. \u2013 Pi\u0119\u0107 lat wi\u0119zienia za pod\u017ceganie do separatyzmu\u201d.<\/p>\n<p>Trzydziestodwuletni Taszi \u0141angczuk zosta\u0142<a href=\"http:\/\/www.hfhrpol.waw.pl\/tybet\/?p=2675\" target=\"_blank\" rel=\"noopener noreferrer\"> zatrzymany<\/a> w styczniu 2016 roku w zwi\u0105zku z <a href=\"https:\/\/www.nytimes.com\/video\/world\/asia\/100000004031427\/a-tibetans-journey-for-justice.html?smid=pl-share\" target=\"_blank\" rel=\"noopener noreferrer\">wywiadem<\/a>, kt\u00f3rego udzieli\u0142 dziennikarzowi \u201eNew York Timesa\u201d, gdy pr\u00f3bowa\u0142 skar\u017cy\u0107 si\u0119 w Pekinie na urz\u0119dnik\u00f3w z Juszu, utrudniaj\u0105cych \u2013 gwarantowane konstytucj\u0105 i ustawami \u2013 nauczanie j\u0119zyka \u201emniejszo\u015bci\u201d w regionie o statusie \u201eautonomii etnicznej\u201d. Upomina\u0142o si\u0119 o niego wiele rz\u0105d\u00f3w i instytucji mi\u0119dzynarodowych, w tym sze\u015bciu specjalnych sprawozdawc\u00f3w ONZ.<\/p>\n<p><a href=\"http:\/\/tybet.hfhr.org.pl\/?p=5630\" target=\"_blank\" rel=\"noopener noreferrer\">Przed s\u0105dem stan\u0105\u0142<\/a> dopiero dwa lata p\u00f3\u017aniej, oskar\u017cony o \u201eseparatystyczne pod\u017ceganie\u201d, zagro\u017cone kar\u0105 do pi\u0119tnastu lat wi\u0119zienia.<\/p>\n","protected":false},"excerpt":{"rendered":"<p>Taszi \u0141angczuk \u2013 biznesmen i spo\u0142ecznik, apeluj\u0105cy o poszanowanie konstytucyjnych praw Tybeta\u0144czyk\u00f3w \u2013 zosta\u0142 skazany na pi\u0119\u0107 lat pozbawienia wolno\u015bci przez s\u0105d ludowy w Juszu (chi\u0144. Yushu), w prowincji Qinghai.<\/p>\n","protected":false},"author":1,"featured_media":0,"comment_status":"closed","ping_status":"closed","sticky":false,"template":"","format":"standard","meta":{"footnotes":""},"categories":[2,17],"tags":[44,31,58,22],"class_list":["post-6554","post","type-post","status-publish","format-standard","hentry","category-aktualnosci","category-hfpc","tag-jezyk","tag-marginalizacja","tag-swiat","tag-wyroki"],"_links":{"self":[{"href":"https:\/\/tybet.hfhr.org.pl\/index.php?rest_route=\/wp\/v2\/posts\/6554","targetHints":{"allow":["GET"]}}],"collection":[{"href":"https:\/\/tybet.hfhr.org.pl\/index.php?rest_route=\/wp\/v2\/posts"}],"about":[{"href":"https:\/\/tybet.hfhr.org.pl\/index.php?rest_route=\/wp\/v2\/types\/post"}],"author":[{"embeddable":true,"href":"https:\/\/tybet.hfhr.org.pl\/index.php?rest_route=\/wp\/v2\/users\/1"}],"replies":[{"embeddable":true,"href":"https:\/\/tybet.hfhr.org.pl\/index.php?rest_route=%2Fwp%2Fv2%2Fcomments&post=6554"}],"version-history":[{"count":7,"href":"https:\/\/tybet.hfhr.org.pl\/index.php?rest_route=\/wp\/v2\/posts\/6554\/revisions"}],"predecessor-version":[{"id":10298,"href":"https:\/\/tybet.hfhr.org.pl\/index.php?rest_route=\/wp\/v2\/posts\/6554\/revisions\/10298"}],"wp:attachment":[{"href":"https:\/\/tybet.hfhr.org.pl\/index.php?rest_route=%2Fwp%2Fv2%2Fmedia&parent=6554"}],"wp:term":[{"taxonomy":"category","embeddable":true,"href":"https:\/\/tybet.hfhr.org.pl\/index.php?rest_route=%2Fwp%2Fv2%2Fcategories&post=6554"},{"taxonomy":"post_tag","embeddable":true,"href":"https:\/\/tybet.hfhr.org.pl\/index.php?rest_route=%2Fwp%2Fv2%2Ftags&post=6554"}],"curies":[{"name":"wp","href":"https:\/\/api.w.org\/{rel}","templated":true}]}}