{"id":6566,"date":"2018-05-24T07:14:07","date_gmt":"2018-05-24T05:14:07","guid":{"rendered":"http:\/\/www.hfhr.org.pl\/tybet\/?p=6566"},"modified":"2018-05-24T07:14:07","modified_gmt":"2018-05-24T05:14:07","slug":"apel-o-zwrot-ziemi-w-njemo","status":"publish","type":"post","link":"https:\/\/tybet.hfhr.org.pl\/?p=6566","title":{"rendered":"Apel o zwrot ziemi w Njemo"},"content":{"rendered":"<p class=\"western\">Tybeta\u0144czycy apeluj\u0105 o zwrot ziemi zaj\u0119tej przez w\u0142adze w lhaskim okr\u0119gu Njemo (chi\u0144. Nimu).<\/p>\n<p><a href=\"http:\/\/tybet.hfhr.org.pl\/wp-content\/uploads\/2018\/05\/Njemo-Laki.jpg\"><img loading=\"lazy\" decoding=\"async\" class=\"alignnone size-medium wp-image-6568\" src=\"http:\/\/tybet.hfhr.org.pl\/wp-content\/uploads\/2018\/05\/Njemo-Laki-300x198.jpg\" alt=\"\" width=\"300\" height=\"198\" srcset=\"https:\/\/tybet.hfhr.org.pl\/wp-content\/uploads\/2018\/05\/Njemo-Laki-300x198.jpg 300w, https:\/\/tybet.hfhr.org.pl\/wp-content\/uploads\/2018\/05\/Njemo-Laki-768x508.jpg 768w, https:\/\/tybet.hfhr.org.pl\/wp-content\/uploads\/2018\/05\/Njemo-Laki.jpg 942w\" sizes=\"auto, (max-width: 300px) 100vw, 300px\" \/><\/a><\/p>\n<p><!--more--><\/p>\n<p class=\"western\">Wed\u0142ug lokalnych \u017ar\u00f3de\u0142 ponad sze\u015b\u0107dziesi\u0105t rodzin wypasa\u0142o zwierz\u0119ta na \u0142\u0105kach, na kt\u00f3rych urz\u0119dnicy chc\u0105 stworzy\u0107 nowe \u201ecentrum turystyczne\u201d. Ogrodzenie pastwisk oznacza dla nich utrat\u0119 g\u0142\u00f3wnego \u017ar\u00f3d\u0142a utrzymania.<\/p>\n<p class=\"western\">Ch\u0142opi nagrali film, na kt\u00f3rym prosz\u0105 o zwrot ziemi i interwencj\u0119 w\u0142adz wy\u017cszego szczebla, \u201eponiewa\u017c nie s\u0105 reprezentowani przez przyw\u00f3dc\u00f3w nominowanych przez administracj\u0119 okr\u0119gu\u201d. Podczas wcze\u015bniejszych wizytacji \u201euniemo\u017cliwiono im z\u0142o\u017cenie skargi i straszono aresztowaniem\u201d.<\/p>\n<p class=\"western\">\u201eAparatczycy twierdz\u0105, \u017ce wszystko tu nale\u017cy do partii komunistycznej, a wi\u0119c mo\u017ce nam zosta\u0107 odebrane i przekazane deweloperom. Liczymy ju\u017c tylko na pomoc z g\u00f3ry\u201d.<\/p>\n<p class=\"western\">\n","protected":false},"excerpt":{"rendered":"<p>Tybeta\u0144czycy apeluj\u0105 o zwrot ziemi zaj\u0119tej przez w\u0142adze w lhaskim okr\u0119gu Njemo (chi\u0144. Nimu).<\/p>\n","protected":false},"author":1,"featured_media":0,"comment_status":"closed","ping_status":"closed","sticky":false,"template":"","format":"standard","meta":{"footnotes":""},"categories":[2,17],"tags":[31,20],"class_list":["post-6566","post","type-post","status-publish","format-standard","hentry","category-aktualnosci","category-hfpc","tag-marginalizacja","tag-protesty-spoleczne"],"_links":{"self":[{"href":"https:\/\/tybet.hfhr.org.pl\/index.php?rest_route=\/wp\/v2\/posts\/6566","targetHints":{"allow":["GET"]}}],"collection":[{"href":"https:\/\/tybet.hfhr.org.pl\/index.php?rest_route=\/wp\/v2\/posts"}],"about":[{"href":"https:\/\/tybet.hfhr.org.pl\/index.php?rest_route=\/wp\/v2\/types\/post"}],"author":[{"embeddable":true,"href":"https:\/\/tybet.hfhr.org.pl\/index.php?rest_route=\/wp\/v2\/users\/1"}],"replies":[{"embeddable":true,"href":"https:\/\/tybet.hfhr.org.pl\/index.php?rest_route=%2Fwp%2Fv2%2Fcomments&post=6566"}],"version-history":[{"count":2,"href":"https:\/\/tybet.hfhr.org.pl\/index.php?rest_route=\/wp\/v2\/posts\/6566\/revisions"}],"predecessor-version":[{"id":6569,"href":"https:\/\/tybet.hfhr.org.pl\/index.php?rest_route=\/wp\/v2\/posts\/6566\/revisions\/6569"}],"wp:attachment":[{"href":"https:\/\/tybet.hfhr.org.pl\/index.php?rest_route=%2Fwp%2Fv2%2Fmedia&parent=6566"}],"wp:term":[{"taxonomy":"category","embeddable":true,"href":"https:\/\/tybet.hfhr.org.pl\/index.php?rest_route=%2Fwp%2Fv2%2Fcategories&post=6566"},{"taxonomy":"post_tag","embeddable":true,"href":"https:\/\/tybet.hfhr.org.pl\/index.php?rest_route=%2Fwp%2Fv2%2Ftags&post=6566"}],"curies":[{"name":"wp","href":"https:\/\/api.w.org\/{rel}","templated":true}]}}