{"id":6701,"date":"2018-06-18T06:27:32","date_gmt":"2018-06-18T04:27:32","guid":{"rendered":"http:\/\/www.hfhr.org.pl\/tybet\/?p=6701"},"modified":"2018-06-16T08:50:01","modified_gmt":"2018-06-16T06:50:01","slug":"tybetanczyk-skazany-w-szwecji-za-szpiegostwo-na-rzecz-chin","status":"publish","type":"post","link":"https:\/\/tybet.hfhr.org.pl\/?p=6701","title":{"rendered":"Tybeta\u0144czyk skazany w Szwecji za szpiegostwo na rzecz Chin"},"content":{"rendered":"<p>Dord\u017ce Gjancan, kt\u00f3rego w lutym <a href=\"https:\/\/tybet.hfhr.org.pl\/?p=6334\" target=\"_blank\" rel=\"noopener\">aresztowano<\/a> w Szwecji pod zarzutem przekazywania Chinom informacji o tybeta\u0144skiej spo\u0142eczno\u015bci emigracyjnej, zosta\u0142 uznany winnym i skazany na kar\u0119 dwudziestu dw\u00f3ch miesi\u0119cy pozbawienia wolno\u015bci.<\/p>\n<p><a href=\"http:\/\/tybet.hfhr.org.pl\/wp-content\/uploads\/2018\/06\/DordzeGjancan-Szwecja-AresztowanyLuty2018-Skazany15Czerwca-ChinskiSzpieg-22MiesiaceWiezienia-FotTibetPost.jpg\"><img loading=\"lazy\" decoding=\"async\" class=\"alignnone size-medium wp-image-6702\" src=\"http:\/\/tybet.hfhr.org.pl\/wp-content\/uploads\/2018\/06\/DordzeGjancan-Szwecja-AresztowanyLuty2018-Skazany15Czerwca-ChinskiSzpieg-22MiesiaceWiezienia-FotTibetPost-300x168.jpg\" alt=\"\" width=\"300\" height=\"168\" srcset=\"https:\/\/tybet.hfhr.org.pl\/wp-content\/uploads\/2018\/06\/DordzeGjancan-Szwecja-AresztowanyLuty2018-Skazany15Czerwca-ChinskiSzpieg-22MiesiaceWiezienia-FotTibetPost-300x168.jpg 300w, https:\/\/tybet.hfhr.org.pl\/wp-content\/uploads\/2018\/06\/DordzeGjancan-Szwecja-AresztowanyLuty2018-Skazany15Czerwca-ChinskiSzpieg-22MiesiaceWiezienia-FotTibetPost-768x429.jpg 768w, https:\/\/tybet.hfhr.org.pl\/wp-content\/uploads\/2018\/06\/DordzeGjancan-Szwecja-AresztowanyLuty2018-Skazany15Czerwca-ChinskiSzpieg-22MiesiaceWiezienia-FotTibetPost.jpg 800w\" sizes=\"auto, (max-width: 300px) 100vw, 300px\" \/><\/a><\/p>\n<p><!--more--><\/p>\n<p>S\u0105d okr\u0119gowy w Soderton uzna\u0142, \u017ce czterdziestodziewi\u0119cioletni Dord\u017ce Gjancan \u2013 syn Tybetanki i Chi\u0144czyka \u2013 od lipca 2015 do lutego 2016 roku zbiera\u0142 dane osobowe i informacje o pogl\u0105dach politycznych oraz wyjazdach przebywaj\u0105cych w Szwecji rodak\u00f3w i przekazywa\u0142 je oficerowi chi\u0144skiego wywiadu w Polsce. Co najmniej raz dosta\u0142 za to 50 tysi\u0119cy koron (oko\u0142o 30 tys. PLN).<\/p>\n<p>Wed\u0142ug przewodnicz\u0105cego spo\u0142eczno\u015bci tybeta\u0144skiej w Szwecji na skutek informacji przekazywanych przez skazanego chi\u0144skie s\u0142u\u017cby w Tybecie \u201en\u0119ka\u0142y\u201d krewnych uchod\u017ac\u00f3w, odbieraj\u0105c im \u201epoczucie wolno\u015bci dzia\u0142ania w nowym kraju\u201d. Oficer szwedzkiej policji powiedzia\u0142 mediom, \u017ce zastraszanie azylant\u00f3w, maj\u0105ce \u201ezniech\u0119ci\u0107 ich do krytykowania re\u017cimu, przed kt\u00f3rym uciekli\u201d, stanowi powa\u017cne przest\u0119pstwo. Na podobn\u0105 inwigilacj\u0119 skar\u017cy si\u0119 tak\u017ce spo\u0142eczno\u015b\u0107 ujgurska.<\/p>\n<p>Media diaspory opublikowa\u0142y zdj\u0119cia skazanego, kt\u00f3ry urodzi\u0142 si\u0119 w Tybecie i w 1997 roku przedosta\u0142 si\u0119 do Nepalu, jeszcze przed zapadni\u0119ciem wyroku.<\/p>\n","protected":false},"excerpt":{"rendered":"<p>Dord\u017ce Gjancan, kt\u00f3rego w lutym aresztowano w Szwecji pod zarzutem przekazywania Chinom informacji o tybeta\u0144skiej spo\u0142eczno\u015bci emigracyjnej, zosta\u0142 uznany winnym i skazany na kar\u0119 dwudziestu dw\u00f3ch miesi\u0119cy pozbawienia wolno\u015bci.<\/p>\n","protected":false},"author":1,"featured_media":0,"comment_status":"closed","ping_status":"closed","sticky":false,"template":"","format":"standard","meta":{"footnotes":""},"categories":[2,17],"tags":[24,26,54],"class_list":["post-6701","post","type-post","status-publish","format-standard","hentry","category-aktualnosci","category-hfpc","tag-diaspora","tag-polityka","tag-polska"],"_links":{"self":[{"href":"https:\/\/tybet.hfhr.org.pl\/index.php?rest_route=\/wp\/v2\/posts\/6701","targetHints":{"allow":["GET"]}}],"collection":[{"href":"https:\/\/tybet.hfhr.org.pl\/index.php?rest_route=\/wp\/v2\/posts"}],"about":[{"href":"https:\/\/tybet.hfhr.org.pl\/index.php?rest_route=\/wp\/v2\/types\/post"}],"author":[{"embeddable":true,"href":"https:\/\/tybet.hfhr.org.pl\/index.php?rest_route=\/wp\/v2\/users\/1"}],"replies":[{"embeddable":true,"href":"https:\/\/tybet.hfhr.org.pl\/index.php?rest_route=%2Fwp%2Fv2%2Fcomments&post=6701"}],"version-history":[{"count":1,"href":"https:\/\/tybet.hfhr.org.pl\/index.php?rest_route=\/wp\/v2\/posts\/6701\/revisions"}],"predecessor-version":[{"id":6703,"href":"https:\/\/tybet.hfhr.org.pl\/index.php?rest_route=\/wp\/v2\/posts\/6701\/revisions\/6703"}],"wp:attachment":[{"href":"https:\/\/tybet.hfhr.org.pl\/index.php?rest_route=%2Fwp%2Fv2%2Fmedia&parent=6701"}],"wp:term":[{"taxonomy":"category","embeddable":true,"href":"https:\/\/tybet.hfhr.org.pl\/index.php?rest_route=%2Fwp%2Fv2%2Fcategories&post=6701"},{"taxonomy":"post_tag","embeddable":true,"href":"https:\/\/tybet.hfhr.org.pl\/index.php?rest_route=%2Fwp%2Fv2%2Ftags&post=6701"}],"curies":[{"name":"wp","href":"https:\/\/api.w.org\/{rel}","templated":true}]}}