{"id":738,"date":"2015-01-26T07:14:03","date_gmt":"2015-01-26T06:14:03","guid":{"rendered":"http:\/\/www.hfhrpol.waw.pl\/tybet\/?p=738"},"modified":"2015-01-26T09:39:46","modified_gmt":"2015-01-26T08:39:46","slug":"738","status":"publish","type":"post","link":"https:\/\/tybet.hfhr.org.pl\/?p=738","title":{"rendered":"Doniesienia o kolejnym wysokim wyroku w Sogu"},"content":{"rendered":"<p>Ce\u0142ang, mnich klasztoru Drilda w okr\u0119gu Sog (chi\u0144. Suo) prefektury Nagczu (chi\u0144. Naqu), w Tybeta\u0144skim Regionie Autonomicznym, zosta\u0142 skazany w styczniu na dziesi\u0119\u0107 lat wi\u0119zienia.<\/p>\n<p><a href=\"http:\/\/www.hfhrpol.waw.pl\/tybet\/wp-content\/uploads\/2015\/01\/Celang-SogDrilda-ZatrzymanyMarzec2014-10LatWiezieniaStyczen2015.jpg\"><img loading=\"lazy\" decoding=\"async\" class=\"alignnone size-medium wp-image-739\" src=\"http:\/\/www.hfhrpol.waw.pl\/tybet\/wp-content\/uploads\/2015\/01\/Celang-SogDrilda-ZatrzymanyMarzec2014-10LatWiezieniaStyczen2015-207x300.jpg\" alt=\"Celang-SogDrilda-ZatrzymanyMarzec2014-10LatWiezieniaStyczen2015\" width=\"207\" height=\"300\" srcset=\"https:\/\/tybet.hfhr.org.pl\/wp-content\/uploads\/2015\/01\/Celang-SogDrilda-ZatrzymanyMarzec2014-10LatWiezieniaStyczen2015-207x300.jpg 207w, https:\/\/tybet.hfhr.org.pl\/wp-content\/uploads\/2015\/01\/Celang-SogDrilda-ZatrzymanyMarzec2014-10LatWiezieniaStyczen2015.jpg 350w\" sizes=\"auto, (max-width: 207px) 100vw, 207px\" \/><\/a><\/p>\n<p><!--more--><\/p>\n<p>Ze szcz\u0105tkowych informacji \u2013 sprzecznych z wcze\u015bniejszymi doniesieniami, m\u00f3wi\u0105cymi o ni\u017cszym wyroku \u2013 wynika, \u017ce Po\u015bredni S\u0105d Ludowy uzna\u0142 go winnym \u201enamawiania do udzia\u0142u w antychi\u0144skich protestach\u201d.<\/p>\n<p>Dwudziestosiedmioletniego duchownego <a href=\"http:\/\/www.hfhrpol.waw.pl\/Tybet\/raport.php?raport_id=2340\" target=\"_blank\">zatrzymano<\/a> w marcu zesz\u0142ego roku wraz czterema innymi mnichami. Jeden z nich, Cangjang Gjaco, zosta\u0142 potem <a href=\"http:\/\/www.hfhrpol.waw.pl\/Tybet\/raport.php?raport_id=2508\" target=\"_blank\">skazany<\/a> na dwana\u015bcie lat pozbawienia wolno\u015bci za \u201eseparatystyczne pod\u017ceganie\u201d i utrzymywanie kontakt\u00f3w z rodakami za granic\u0105. Jego bliskich powiadomiono o tym listownie.<\/p>\n","protected":false},"excerpt":{"rendered":"<p>Ce\u0142ang, mnich klasztoru Drilda w okr\u0119gu Sog (chi\u0144. Suo) prefektury Nagczu (chi\u0144. Naqu), w Tybeta\u0144skim Regionie Autonomicznym, zosta\u0142 skazany w styczniu na dziesi\u0119\u0107 lat wi\u0119zienia.<\/p>\n","protected":false},"author":1,"featured_media":0,"comment_status":"closed","ping_status":"closed","sticky":false,"template":"","format":"standard","meta":{"footnotes":""},"categories":[2,17],"tags":[19,22],"class_list":["post-738","post","type-post","status-publish","format-standard","hentry","category-aktualnosci","category-hfpc","tag-protesty-polityczne","tag-wyroki"],"_links":{"self":[{"href":"https:\/\/tybet.hfhr.org.pl\/index.php?rest_route=\/wp\/v2\/posts\/738","targetHints":{"allow":["GET"]}}],"collection":[{"href":"https:\/\/tybet.hfhr.org.pl\/index.php?rest_route=\/wp\/v2\/posts"}],"about":[{"href":"https:\/\/tybet.hfhr.org.pl\/index.php?rest_route=\/wp\/v2\/types\/post"}],"author":[{"embeddable":true,"href":"https:\/\/tybet.hfhr.org.pl\/index.php?rest_route=\/wp\/v2\/users\/1"}],"replies":[{"embeddable":true,"href":"https:\/\/tybet.hfhr.org.pl\/index.php?rest_route=%2Fwp%2Fv2%2Fcomments&post=738"}],"version-history":[{"count":3,"href":"https:\/\/tybet.hfhr.org.pl\/index.php?rest_route=\/wp\/v2\/posts\/738\/revisions"}],"predecessor-version":[{"id":746,"href":"https:\/\/tybet.hfhr.org.pl\/index.php?rest_route=\/wp\/v2\/posts\/738\/revisions\/746"}],"wp:attachment":[{"href":"https:\/\/tybet.hfhr.org.pl\/index.php?rest_route=%2Fwp%2Fv2%2Fmedia&parent=738"}],"wp:term":[{"taxonomy":"category","embeddable":true,"href":"https:\/\/tybet.hfhr.org.pl\/index.php?rest_route=%2Fwp%2Fv2%2Fcategories&post=738"},{"taxonomy":"post_tag","embeddable":true,"href":"https:\/\/tybet.hfhr.org.pl\/index.php?rest_route=%2Fwp%2Fv2%2Ftags&post=738"}],"curies":[{"name":"wp","href":"https:\/\/api.w.org\/{rel}","templated":true}]}}