{"id":7768,"date":"2019-01-17T06:29:13","date_gmt":"2019-01-17T05:29:13","guid":{"rendered":"http:\/\/www.hfhr.org.pl\/tybet\/?p=7768"},"modified":"2019-01-16T08:49:01","modified_gmt":"2019-01-16T07:49:01","slug":"chinskie-media-zapowiadaja-pomniki-historycznych-namiestnikow-w-tybecie","status":"publish","type":"post","link":"https:\/\/tybet.hfhr.org.pl\/?p=7768","title":{"rendered":"Chi\u0144skie media zapowiadaj\u0105 pomniki \u201ehistorycznych namiestnik\u00f3w\u201d w Tybecie"},"content":{"rendered":"<p>Delegaci Og\u00f3lnochi\u0144skiej Ludowej Politycznej Konferencji Konsultatywnej (OLPKK) z Tybeta\u0144skiego Regionu Autonomicznego chc\u0105 wystawia\u0107 pomniki chi\u0144skim \u201eoficjelom stacjonuj\u0105cym niegdy\u015b w Tybecie\u201d.<\/p>\n\n\n<figure class=\"wp-block-image\"><img loading=\"lazy\" decoding=\"async\" width=\"400\" height=\"263\" src=\"https:\/\/tybet.hfhr.org.pl\/wp-content\/uploads\/2019\/01\/Lhasa-KamiennyLew-SprzedRezydencjiAmbana-FotEvanYorkeNepean.jpg\" alt=\"\" class=\"wp-image-7769\" srcset=\"https:\/\/tybet.hfhr.org.pl\/wp-content\/uploads\/2019\/01\/Lhasa-KamiennyLew-SprzedRezydencjiAmbana-FotEvanYorkeNepean.jpg 400w, https:\/\/tybet.hfhr.org.pl\/wp-content\/uploads\/2019\/01\/Lhasa-KamiennyLew-SprzedRezydencjiAmbana-FotEvanYorkeNepean-300x197.jpg 300w\" sizes=\"auto, (max-width: 400px) 100vw, 400px\" \/><\/figure>\n\n\n<p><!--more--><\/p>\n<p>Wed\u0142ug chi\u0144skich medi\u00f3w jest to jeden z \u201e405 postulat\u00f3w\u201d dorocznego posiedzenia lokalnego oddzia\u0142u OLPKK, g\u0142\u00f3wnego organu Frontu Jedno\u015bci. Delegaci chc\u0105 w ten spos\u00f3b upami\u0119tni\u0107 \u201edawnych namiestnik\u00f3w rz\u0105d\u00f3w centralnego\u201d w Tybecie.<\/p>\n<p>\u201eRz\u0105d centralny\u201d \u2013 mand\u017curskiej, nie chi\u0144skiej \u2013 dynastii Qing (1644\u20131911) powo\u0142a\u0142 swoje przedstawicielstwo w Lhasie w 1721 roku. Pierwsi <a href=\"https:\/\/tybet.hfhr.org.pl\/?p=3493\" target=\"_blank\" rel=\"noopener\">ambanowie<\/a> \u2013 pe\u0142ni\u0105cy rol\u0119 ambasador\u00f3w, a nie namiestnik\u00f3w \u2013 przybyli do Tybetu siedem lat p\u00f3\u017aniej i zostali stamt\u0105d wydaleni w 1912 roku. Stanowiska tego z regu\u0142y nie powierzano Chi\u0144czykom.<\/p>","protected":false},"excerpt":{"rendered":"<p>Delegaci Og\u00f3lnochi\u0144skiej Ludowej Politycznej Konferencji Konsultatywnej (OLPKK) z Tybeta\u0144skiego Regionu Autonomicznego chc\u0105 wystawia\u0107 pomniki chi\u0144skim \u201eoficjelom stacjonuj\u0105cym niegdy\u015b w Tybecie\u201d.<\/p>\n","protected":false},"author":1,"featured_media":0,"comment_status":"closed","ping_status":"closed","sticky":false,"template":"","format":"standard","meta":{"footnotes":""},"categories":[2,17],"tags":[43,27,26],"class_list":["post-7768","post","type-post","status-publish","format-standard","hentry","category-aktualnosci","category-hfpc","tag-agitprop","tag-historia","tag-polityka"],"_links":{"self":[{"href":"https:\/\/tybet.hfhr.org.pl\/index.php?rest_route=\/wp\/v2\/posts\/7768","targetHints":{"allow":["GET"]}}],"collection":[{"href":"https:\/\/tybet.hfhr.org.pl\/index.php?rest_route=\/wp\/v2\/posts"}],"about":[{"href":"https:\/\/tybet.hfhr.org.pl\/index.php?rest_route=\/wp\/v2\/types\/post"}],"author":[{"embeddable":true,"href":"https:\/\/tybet.hfhr.org.pl\/index.php?rest_route=\/wp\/v2\/users\/1"}],"replies":[{"embeddable":true,"href":"https:\/\/tybet.hfhr.org.pl\/index.php?rest_route=%2Fwp%2Fv2%2Fcomments&post=7768"}],"version-history":[{"count":4,"href":"https:\/\/tybet.hfhr.org.pl\/index.php?rest_route=\/wp\/v2\/posts\/7768\/revisions"}],"predecessor-version":[{"id":7773,"href":"https:\/\/tybet.hfhr.org.pl\/index.php?rest_route=\/wp\/v2\/posts\/7768\/revisions\/7773"}],"wp:attachment":[{"href":"https:\/\/tybet.hfhr.org.pl\/index.php?rest_route=%2Fwp%2Fv2%2Fmedia&parent=7768"}],"wp:term":[{"taxonomy":"category","embeddable":true,"href":"https:\/\/tybet.hfhr.org.pl\/index.php?rest_route=%2Fwp%2Fv2%2Fcategories&post=7768"},{"taxonomy":"post_tag","embeddable":true,"href":"https:\/\/tybet.hfhr.org.pl\/index.php?rest_route=%2Fwp%2Fv2%2Ftags&post=7768"}],"curies":[{"name":"wp","href":"https:\/\/api.w.org\/{rel}","templated":true}]}}