{"id":805,"date":"2015-02-03T07:15:53","date_gmt":"2015-02-03T06:15:53","guid":{"rendered":"http:\/\/www.hfhrpol.waw.pl\/tybet\/?p=805"},"modified":"2018-03-12T13:05:48","modified_gmt":"2018-03-12T12:05:48","slug":"805","status":"publish","type":"post","link":"https:\/\/tybet.hfhr.org.pl\/?p=805","title":{"rendered":"Przedterminowe zwolnienie wi\u0119\u017ania politycznego w Ngabie"},"content":{"rendered":"<p>W Ngabie (chi\u0144. Aba), w prowincji Sichuan 22 stycznia zwolniono z wi\u0119zienia Phagp\u0119, kt\u00f3ry w 2008 roku zosta\u0142 skazany na jedena\u015bcie lat wi\u0119zienia za udzia\u0142 w <a href=\"http:\/\/tybet.hfhr.org.pl\/?p=6039\" target=\"_blank\" rel=\"noopener\">antychi\u0144skich protestach<\/a>.<\/p>\n<p><a href=\"http:\/\/www.hfhrpol.waw.pl\/tybet\/wp-content\/uploads\/2015\/02\/Phagpa-Ngaba-11LatWiezienia2008-ZwolnienieStyczen2015.jpg\"><img loading=\"lazy\" decoding=\"async\" class=\"alignnone size-medium wp-image-806\" src=\"http:\/\/www.hfhrpol.waw.pl\/tybet\/wp-content\/uploads\/2015\/02\/Phagpa-Ngaba-11LatWiezienia2008-ZwolnienieStyczen2015-300x224.jpg\" alt=\"Phagpa-Ngaba-11LatWiezienia2008-ZwolnienieStyczen2015\" width=\"300\" height=\"224\" srcset=\"https:\/\/tybet.hfhr.org.pl\/wp-content\/uploads\/2015\/02\/Phagpa-Ngaba-11LatWiezienia2008-ZwolnienieStyczen2015-300x224.jpg 300w, https:\/\/tybet.hfhr.org.pl\/wp-content\/uploads\/2015\/02\/Phagpa-Ngaba-11LatWiezienia2008-ZwolnienieStyczen2015.jpg 600w\" sizes=\"auto, (max-width: 300px) 100vw, 300px\" \/><\/a><\/p>\n<p>Nie wiadomo, co by\u0142o przyczyn\u0105 przedterminowego zwolnienia.<\/p>\n<p><!--more--><\/p>\n<p>M\u0119\u017cczyzna wr\u00f3ci\u0142 do rodzinnego miasteczka ubrany w tradycyjny tybeta\u0144ski str\u00f3j i mask\u0119 z czarnym krzy\u017cem.<\/p>\n<p><a href=\"http:\/\/www.hfhrpol.waw.pl\/tybet\/wp-content\/uploads\/2015\/02\/Phagpa-Ngaba-11LatWiezienia2008-ZwolnienieStyczen2015-Maska.jpg\"><img loading=\"lazy\" decoding=\"async\" class=\"alignnone size-medium wp-image-807\" src=\"http:\/\/www.hfhrpol.waw.pl\/tybet\/wp-content\/uploads\/2015\/02\/Phagpa-Ngaba-11LatWiezienia2008-ZwolnienieStyczen2015-Maska-300x225.jpg\" alt=\"Phagpa-Ngaba-11LatWiezienia2008-ZwolnienieStyczen2015-Maska\" width=\"300\" height=\"225\" srcset=\"https:\/\/tybet.hfhr.org.pl\/wp-content\/uploads\/2015\/02\/Phagpa-Ngaba-11LatWiezienia2008-ZwolnienieStyczen2015-Maska-300x225.jpg 300w, https:\/\/tybet.hfhr.org.pl\/wp-content\/uploads\/2015\/02\/Phagpa-Ngaba-11LatWiezienia2008-ZwolnienieStyczen2015-Maska.jpg 400w\" sizes=\"auto, (max-width: 300px) 100vw, 300px\" \/><\/a><\/p>\n<p>\u201eLudzie s\u0105 przekonani, i\u017c chcia\u0142 w ten spos\u00f3b pokaza\u0107, \u017ce Chi\u0144czycy zabronili mu rozmawia\u0107 o katordze w wi\u0119zieniu\u201d, m\u00f3wi lokalne \u017ar\u00f3d\u0142o Radia Wolna Azja (<a href=\"http:\/\/www.rfa.org\" target=\"_blank\" rel=\"noopener\">RFA<\/a>). Witano go jak \u201ebohatera i przyw\u00f3dc\u0119. Uroczysto\u015bci trwa\u0142y dwa dni\u201d.<\/p>\n","protected":false},"excerpt":{"rendered":"<p>W Ngabie (chi\u0144. Aba), w prowincji Sichuan 22 stycznia zwolniono z wi\u0119zienia Phagp\u0119, kt\u00f3ry w 2008 roku zosta\u0142 skazany na jedena\u015bcie lat wi\u0119zienia za udzia\u0142 w antychi\u0144skich protestach. Nie wiadomo, co by\u0142o przyczyn\u0105 przedterminowego zwolnienia.<\/p>\n","protected":false},"author":1,"featured_media":0,"comment_status":"closed","ping_status":"closed","sticky":false,"template":"","format":"standard","meta":{"footnotes":""},"categories":[2,17],"tags":[19,22],"class_list":["post-805","post","type-post","status-publish","format-standard","hentry","category-aktualnosci","category-hfpc","tag-protesty-polityczne","tag-wyroki"],"_links":{"self":[{"href":"https:\/\/tybet.hfhr.org.pl\/index.php?rest_route=\/wp\/v2\/posts\/805","targetHints":{"allow":["GET"]}}],"collection":[{"href":"https:\/\/tybet.hfhr.org.pl\/index.php?rest_route=\/wp\/v2\/posts"}],"about":[{"href":"https:\/\/tybet.hfhr.org.pl\/index.php?rest_route=\/wp\/v2\/types\/post"}],"author":[{"embeddable":true,"href":"https:\/\/tybet.hfhr.org.pl\/index.php?rest_route=\/wp\/v2\/users\/1"}],"replies":[{"embeddable":true,"href":"https:\/\/tybet.hfhr.org.pl\/index.php?rest_route=%2Fwp%2Fv2%2Fcomments&post=805"}],"version-history":[{"count":5,"href":"https:\/\/tybet.hfhr.org.pl\/index.php?rest_route=\/wp\/v2\/posts\/805\/revisions"}],"predecessor-version":[{"id":6090,"href":"https:\/\/tybet.hfhr.org.pl\/index.php?rest_route=\/wp\/v2\/posts\/805\/revisions\/6090"}],"wp:attachment":[{"href":"https:\/\/tybet.hfhr.org.pl\/index.php?rest_route=%2Fwp%2Fv2%2Fmedia&parent=805"}],"wp:term":[{"taxonomy":"category","embeddable":true,"href":"https:\/\/tybet.hfhr.org.pl\/index.php?rest_route=%2Fwp%2Fv2%2Fcategories&post=805"},{"taxonomy":"post_tag","embeddable":true,"href":"https:\/\/tybet.hfhr.org.pl\/index.php?rest_route=%2Fwp%2Fv2%2Ftags&post=805"}],"curies":[{"name":"wp","href":"https:\/\/api.w.org\/{rel}","templated":true}]}}