{"id":8051,"date":"2019-03-10T06:21:15","date_gmt":"2019-03-10T05:21:15","guid":{"rendered":"http:\/\/www.hfhr.org.pl\/tybet\/?p=8051"},"modified":"2020-08-06T11:21:05","modified_gmt":"2020-08-06T09:21:05","slug":"monika-wielichowska-w-szescdziesiata-rocznice-wybuchu-powstania-w-lhasie","status":"publish","type":"post","link":"https:\/\/tybet.hfhr.org.pl\/?p=8051","title":{"rendered":"Monika Wielichowska: W sze\u015b\u0107dziesi\u0105t\u0105 rocznic\u0119 wybuchu powstania w Lhasie"},"content":{"rendered":"<p class=\"western\">Sze\u015b\u0107dziesi\u0105ta rocznica wybuchu tybeta\u0144skiego powstania w Lhasie jest przede wszystkim dniem pami\u0119ci o dziesi\u0105tkach tysi\u0119cy zabitych, zam\u0119czonych i zag\u0142odzonych na \u015bmier\u0107 wskutek chi\u0144skich rz\u0105d\u00f3w, dniem op\u0142akiwania zniszczonych skarb\u00f3w tybeta\u0144skiej cywilizacji buddyjskiej \u2013 sze\u015bciu dekad niewyobra\u017calnych okrucie\u0144stw i cierpie\u0144 od ludob\u00f3jstwa po celowe deptanie narodowej to\u017csamo\u015bci, kultury i j\u0119zyka.<\/p>\n<p><!--more--><\/p>\n<p class=\"western\">Jednocze\u015bnie, za spraw\u0105 niezmordowanej pracy Jego \u015awi\u0105tobliwo\u015bci Dalajlamy i wszystkich Tybeta\u0144czyk\u00f3w, to tak\u017ce dzie\u0144 pami\u0119ci o heroicznym chronieniu, podtrzymywaniu i rozwijaniu dziedzictwa tybeta\u0144skiej cywilizacji i dzielenia ze \u015bwiatem cud\u00f3w \u201etradycji Nalandy\u201d z jej drogocennym wk\u0142adem \u2013 motywowanym d\u0105\u017ceniem do pe\u0142nego rozwini\u0119cia ludzkiego potencja\u0142u w celu najlepszego s\u0142u\u017cenia wszystkim istotom \u2013 w nasz\u0105 wiedz\u0119 o umy\u015ble i wszech\u015bwiecie.<\/p>\n<p class=\"western\">Tego dnia wraz z Parlamentem Europejskim wzywamy Chiny do zrewidowania polityki wobec Tybetu; do zmienienia przyj\u0119tych w ostatnich latach ustaw i przepis\u00f3w, kt\u00f3re uniemo\u017cliwiaj\u0105 Tybeta\u0144czykom korzystanie z praw obywatelskich i politycznych, takich jak wolno\u015b\u0107 s\u0142owa i wyznania; do zagwarantowania Tybeta\u0144czykom praw gospodarczych, spo\u0142ecznych i kulturalnych oraz uwzgl\u0119dniania spo\u0142eczno\u015bci lokalnych w planach modernizacji i ochrony \u015brodowiska zgodnie z wizj\u0105 zr\u00f3wnowa\u017conego rozwoju Organizacji Narod\u00f3w Zjednoczonych; do zbadania aktualnych przypadk\u00f3w uprowadzania, torturowania i nieludzkiego traktowania Tybeta\u0144czyk\u00f3w oraz poszanowania ich praw do pokojowego gromadzenia si\u0119, zrzeszania i praktykowania religii zgodnie z mi\u0119dzynarodowymi standardami; podkre\u015blamy, \u017ce kwestia ci\u0105g\u0142ego naruszania praw cz\u0142owieka w Tybecie musi by\u0107 podnoszona podczas ka\u017cdego szczytu Unii Europejskiej i Chin; apelujemy o powr\u00f3t do konstruktywnego, pokojowego dialogu mi\u0119dzy w\u0142adzami chi\u0144skich i przedstawicielami Tybeta\u0144czyk\u00f3w; apelujemy do Chiny o zapewnienie dyplomatom, dziennikarzom i obywatelom Unii Europejskiej nieograniczonego dost\u0119pu do Tybetu na zasadzie wzajemno\u015bci wobec ca\u0142kowitej swobody, z jak\u0105 Chi\u0144czycy podr\u00f3\u017cuj\u0105 po terytorium wszystkich pa\u0144stw cz\u0142onkowskich UE; o poszanowanie prawa Tybeta\u0144czyk\u00f3w do swobodnego przemieszczania si\u0119 oraz o zezwolenie im na swobodne podr\u00f3\u017cowanie po Tybecie; o zapewnienie dost\u0119pu do Tybetu niezale\u017cnym obserwatorom, w tym Wysokiemu Komisarzowi ONZ do spraw Praw Cz\u0142owieka; oraz wzywamy instytucje Unii Europejskiej o uwzgl\u0119dnienie kwestii dost\u0119pu do Tybetu w rozmowach o u\u0142atwieniach wizowych z Chinami.<\/p>\n<p class=\"western\">Smutne wydarzenia w Polsce przypominaj\u0105 wreszcie o dw\u00f3ch kwestiach podnoszonych cz\u0119sto przez Dalajlam\u0119: o nietrwa\u0142o\u015bci oraz odpowiedzialno\u015bci powszechnej. Wolno\u015bci, demokracji i rz\u0105d\u00f3w prawa nie mo\u017cemy traktowa\u0107 jako rzeczy danych raz na zawsze i, w imi\u0119 wsp\u00f3lnej sprawy, musimy piel\u0119gnowa\u0107 je przy pomocy nale\u017cytej edukacji.<\/p>\n<p class=\"western\">Ca\u0142ym sercem \u2013 kt\u00f3re a\u017c za dobrze zna b\u00f3l odebranej przez obce si\u0142y wolno\u015bci \u2013 \u017cyczymy wszystkim Tybeta\u0144czykom, ale tak\u017ce Chi\u0144czykom, bowiem trwa\u0142e pokojowe rozwi\u0105zanie le\u017cy w najlepszym interesie wszystkich zainteresowanych, by by\u0142a to ostatnia rocznica 10 marca, kt\u00f3r\u0105 otwarcie mog\u0105 obchodzi\u0107 tylko na wygnaniu.<\/p>\n<p class=\"western\">\n<\/p><p class=\"western\">Warszawa, 10 marca 2019<\/p>\n<p class=\"western\">\n<\/p><p class=\"western\">\n<\/p>\n<p class=\"western\"><em>Pos\u0142anka Monika Wielichowska jest przewodnicz\u0105c\u0105 Parlamentarnego Zespo\u0142u na rzecz Tybetu<\/em>.<\/p>\n\n\n<p><\/p>\n","protected":false},"excerpt":{"rendered":"<p>Sze\u015b\u0107dziesi\u0105ta rocznica wybuchu tybeta\u0144skiego powstania w Lhasie jest przede wszystkim dniem pami\u0119ci o dziesi\u0105tkach tysi\u0119cy zabitych, zam\u0119czonych i zag\u0142odzonych na \u015bmier\u0107 wskutek chi\u0144skich rz\u0105d\u00f3w, dniem op\u0142akiwania zniszczonych skarb\u00f3w tybeta\u0144skiej cywilizacji buddyjskiej \u2013 sze\u015bciu dekad niewyobra\u017calnych okrucie\u0144stw i cierpie\u0144 od ludob\u00f3jstwa po celowe deptanie narodowej to\u017csamo\u015bci, kultury i j\u0119zyka.<\/p>\n","protected":false},"author":1,"featured_media":8053,"comment_status":"closed","ping_status":"closed","sticky":false,"template":"","format":"standard","meta":{"footnotes":""},"categories":[11,4],"tags":[27,26],"class_list":["post-8051","post","type-post","status-publish","format-standard","has-post-thumbnail","hentry","category-polska","category-teksty","tag-historia","tag-polityka"],"_links":{"self":[{"href":"https:\/\/tybet.hfhr.org.pl\/index.php?rest_route=\/wp\/v2\/posts\/8051","targetHints":{"allow":["GET"]}}],"collection":[{"href":"https:\/\/tybet.hfhr.org.pl\/index.php?rest_route=\/wp\/v2\/posts"}],"about":[{"href":"https:\/\/tybet.hfhr.org.pl\/index.php?rest_route=\/wp\/v2\/types\/post"}],"author":[{"embeddable":true,"href":"https:\/\/tybet.hfhr.org.pl\/index.php?rest_route=\/wp\/v2\/users\/1"}],"replies":[{"embeddable":true,"href":"https:\/\/tybet.hfhr.org.pl\/index.php?rest_route=%2Fwp%2Fv2%2Fcomments&post=8051"}],"version-history":[{"count":5,"href":"https:\/\/tybet.hfhr.org.pl\/index.php?rest_route=\/wp\/v2\/posts\/8051\/revisions"}],"predecessor-version":[{"id":10305,"href":"https:\/\/tybet.hfhr.org.pl\/index.php?rest_route=\/wp\/v2\/posts\/8051\/revisions\/10305"}],"wp:featuredmedia":[{"embeddable":true,"href":"https:\/\/tybet.hfhr.org.pl\/index.php?rest_route=\/wp\/v2\/media\/8053"}],"wp:attachment":[{"href":"https:\/\/tybet.hfhr.org.pl\/index.php?rest_route=%2Fwp%2Fv2%2Fmedia&parent=8051"}],"wp:term":[{"taxonomy":"category","embeddable":true,"href":"https:\/\/tybet.hfhr.org.pl\/index.php?rest_route=%2Fwp%2Fv2%2Fcategories&post=8051"},{"taxonomy":"post_tag","embeddable":true,"href":"https:\/\/tybet.hfhr.org.pl\/index.php?rest_route=%2Fwp%2Fv2%2Ftags&post=8051"}],"curies":[{"name":"wp","href":"https:\/\/api.w.org\/{rel}","templated":true}]}}