{"id":8340,"date":"2019-04-11T06:29:45","date_gmt":"2019-04-11T04:29:45","guid":{"rendered":"http:\/\/www.hfhr.org.pl\/tybet\/?p=8340"},"modified":"2019-04-10T08:25:33","modified_gmt":"2019-04-10T06:25:33","slug":"nowa-kampania-w-klasztorze-sera","status":"publish","type":"post","link":"https:\/\/tybet.hfhr.org.pl\/?p=8340","title":{"rendered":"Nowa kampania w klasztorze Sera"},"content":{"rendered":"<p>W\u0142adze chi\u0144skie rozpocz\u0119\u0142y now\u0105 kampani\u0119 w lhaskim klasztorze Sera. Wed\u0142ug przewodnicz\u0105cego \u201ekomitetu zarz\u0105dzania\u201d tej \u015bwi\u0105tyni mnisi maj\u0105 teraz \u201epraktykowa\u0107 religi\u0119 poprzez zwalczanie separatyzmu\u201d.<\/p>\n\n\n<figure class=\"wp-block-image\"><img loading=\"lazy\" decoding=\"async\" width=\"620\" height=\"349\" src=\"https:\/\/tybet.hfhr.org.pl\/wp-content\/uploads\/2019\/04\/Sera-Mnich-FotAP.jpg\" alt=\"\" class=\"wp-image-8341\" srcset=\"https:\/\/tybet.hfhr.org.pl\/wp-content\/uploads\/2019\/04\/Sera-Mnich-FotAP.jpg 620w, https:\/\/tybet.hfhr.org.pl\/wp-content\/uploads\/2019\/04\/Sera-Mnich-FotAP-300x169.jpg 300w\" sizes=\"auto, (max-width: 620px) 100vw, 620px\" \/><\/figure>\n\n\n\n<!--more-->\n\n\n<p>Kampani\u0119 og\u0142oszono 13 marca podczas konferencji w Lhasie, w kt\u00f3rej uczestniczy\u0142o \u201e320 mnich\u00f3w, administrator\u00f3w, oficer\u00f3w policji i funkcjonariuszy grup bezpiecze\u0144stwa\u201d.<\/p>\n<p>Duchowni \u201emusz\u0105 czu\u0107 wdzi\u0119czno\u015b\u0107 wobec rz\u0105du Chin i okazywa\u0107 mu lojalno\u015b\u0107, przestrzegaj\u0105c prawa\u201d. Za \u201eszczodro\u015b\u0107\u201d Pekinu dla Tybetu trzeba \u201eodp\u0142aca\u0107 wierno\u015bci\u0105 i mi\u0142o\u015bci\u0105 do najwy\u017cszych przyw\u00f3dc\u00f3w Komunistycznej Partii Chin\u201d.<\/p>\n<p>Przedstawiciele \u201ekomitetu zarz\u0105dzania\u201d (czyli pa\u0144stwowych organ\u00f3w, kt\u00f3re od 2012 roku przejmuj\u0105 bezpo\u015bredni\u0105 kontrol\u0119 nad kolejnymi klasztorami, zast\u0119puj\u0105c z\u0142o\u017cone z duchownych \u201ekomitety demokratycznego zarz\u0105dzania\u201d) przypomnieli te\u017c o \u201eDwudziestu zakazach\u201d, dotycz\u0105cych \u201epolitycznie dra\u017cliwych\u201d tre\u015bci w internecie.<\/p>","protected":false},"excerpt":{"rendered":"<p>W\u0142adze chi\u0144skie rozpocz\u0119\u0142y now\u0105 kampani\u0119 w lhaskim klasztorze Sera. Wed\u0142ug przewodnicz\u0105cego \u201ekomitetu zarz\u0105dzania\u201d tej \u015bwi\u0105tyni mnisi maj\u0105 teraz \u201epraktykowa\u0107 religi\u0119 poprzez zwalczanie separatyzmu\u201d.<\/p>\n","protected":false},"author":1,"featured_media":0,"comment_status":"closed","ping_status":"closed","sticky":false,"template":"","format":"standard","meta":{"footnotes":""},"categories":[2,17],"tags":[23,26],"class_list":["post-8340","post","type-post","status-publish","format-standard","hentry","category-aktualnosci","category-hfpc","tag-buddyzm","tag-polityka"],"_links":{"self":[{"href":"https:\/\/tybet.hfhr.org.pl\/index.php?rest_route=\/wp\/v2\/posts\/8340","targetHints":{"allow":["GET"]}}],"collection":[{"href":"https:\/\/tybet.hfhr.org.pl\/index.php?rest_route=\/wp\/v2\/posts"}],"about":[{"href":"https:\/\/tybet.hfhr.org.pl\/index.php?rest_route=\/wp\/v2\/types\/post"}],"author":[{"embeddable":true,"href":"https:\/\/tybet.hfhr.org.pl\/index.php?rest_route=\/wp\/v2\/users\/1"}],"replies":[{"embeddable":true,"href":"https:\/\/tybet.hfhr.org.pl\/index.php?rest_route=%2Fwp%2Fv2%2Fcomments&post=8340"}],"version-history":[{"count":1,"href":"https:\/\/tybet.hfhr.org.pl\/index.php?rest_route=\/wp\/v2\/posts\/8340\/revisions"}],"predecessor-version":[{"id":8342,"href":"https:\/\/tybet.hfhr.org.pl\/index.php?rest_route=\/wp\/v2\/posts\/8340\/revisions\/8342"}],"wp:attachment":[{"href":"https:\/\/tybet.hfhr.org.pl\/index.php?rest_route=%2Fwp%2Fv2%2Fmedia&parent=8340"}],"wp:term":[{"taxonomy":"category","embeddable":true,"href":"https:\/\/tybet.hfhr.org.pl\/index.php?rest_route=%2Fwp%2Fv2%2Fcategories&post=8340"},{"taxonomy":"post_tag","embeddable":true,"href":"https:\/\/tybet.hfhr.org.pl\/index.php?rest_route=%2Fwp%2Fv2%2Ftags&post=8340"}],"curies":[{"name":"wp","href":"https:\/\/api.w.org\/{rel}","templated":true}]}}